{"id":9710,"date":"2014-03-28T10:34:59","date_gmt":"2014-03-28T09:34:59","guid":{"rendered":"http:\/\/bjfoot.com\/?p=9710"},"modified":"2014-03-28T11:45:36","modified_gmt":"2014-03-28T10:45:36","slug":"ecureuils-le-pouvoir-a-la-jeunesse","status":"publish","type":"post","link":"https:\/\/bjfoot.com\/?p=9710","title":{"rendered":"Ecureuils : Le pouvoir \u00e0 la jeunesse !"},"content":{"rendered":"<p>&nbsp;<\/p>\n<p>En juin prochain, nous allons d\u00e9couvrir le premier visage des Ecureuils version Oll\u00e9-Nicolle, le technicien fran\u00e7ais devra construire son \u00e9quipe et \u00a0il s\u2019appuiera \u00e9videment sur les joueurs habitu\u00e9s susceptibles d\u2019apporter une plus-value certaine comme socle. Il ne s\u2019agit pas de convoquer des joueurs sans club, ni aucune r\u00e9f\u00e9rence cr\u00e9dible et pas au niveau. Dans quel r\u00e9pertoire peut-il piocher\u00a0? D\u00e9cortiquons.<\/p>\n<p>&nbsp;<\/p>\n<p><b><span style=\"text-decoration: underline;\">Gardiens <\/span><\/b><\/p>\n<p>En pole position <b>Fabien Farnolle<\/b> de Clermont malheureusement bloqu\u00e9 par les nouvelles lois de la Fifa. Du coup il ne reste plus que trois\u00a0\u00a0gardiens s\u00e9lectionnables, <b>Emmanuel Fabiyi<\/b> (29 ans) , d\u2019Abia Warriors au Nig\u00e9ria. Sa derni\u00e8re apparition avec la s\u00e9lection remonte au tournoi de l\u2019Uemoa 2008 \u00e0 Bamako. Et le second encore plus connu, <b>Yoan Djidonou <\/b>(28 ans) de Romorantin enCFA (France) , \u00a0ex-num\u00e9ro un des Ecureuils sa derni\u00e8re apparition remonte \u00e0 f\u00e9vrier 2012 au d\u00e9but de l\u2019\u00e8re Amoros.<\/p>\n<p><b><span style=\"text-decoration: underline;\">D\u00e9fenseurs<\/span><\/b><\/p>\n<p><b>Khaled Ad\u00e9non<\/b> sans club, la d\u00e9fense a entam\u00e9 de rajeunissement depuis 2012. En d\u00e9fense centrale<b>, <\/b>le sobre<b> Seidou Baraze<\/b> (1.90m, 23 ans) de l\u2019Hus Agadir (Maroc) et le gaucher dur <b>R\u00e9da Johnson <\/b>\u00a0(1.92m, 25 ans) de Sheffield Wednesday, la paire centrale align\u00e9e contre le Rwanda en septembre 2013 seront prioritaires<b>. Jordan Adeoti<\/b>\u00a0 (24ans) auteur d\u2019une tr\u00e8s belle saison avec Laval est aussi comme une pierre angulaire. Ces trois joueurs ayant la capacit\u00e9 d\u2019\u00e9voluer avec la m\u00eame aisance en milieu d\u00e9fensif. Un plus.<\/p>\n<p><b>Junior Salomon<\/b> (28 ans) capitaine de Bayelsa United au Nig\u00e9ria, habitu\u00e9 aux s\u00e9lections (4 tournois de l\u2019Uemoa , une Coupe Ufoa et une Can en 2010) et plusieurs \u00e9liminatoires. Le roc est un ancien de la maison. Enfin le n\u00e9o-international qui a fait ses d\u00e9buts en juin dernier contre l\u2019Alg\u00e9rie, le rugueux Nana <b>Nafihou Badarou<\/b> en pleine progression \u00e0 l\u2019Aso Chlef dans le championnat alg\u00e9rien o\u00f9 il r\u00e9alise une saison presque parfaite. Badarou peut bien aussi jouer sur le flanc droit. Un avantage.<\/p>\n<p>Comme sp\u00e9cialiste sur les c\u00f4t\u00e9s \u00e0 gauche, en p\u00f4le positon nous avons <b>Emmanuel Imorou<\/b> (25 ans), d\u00e9j\u00e0 une Can avec le B\u00e9nin m\u00eame s\u2019il peine encore \u00e0 afficher son meilleur niveau en s\u00e9lection. Nous avons \u00e9galement le jeune prometteur <b>Afissou Fay\u00e9mi<\/b> (22 ans), fraichement sign\u00e9 aux New Jersey Express aux USA. Son coup de pied et sa technique de centre peuvent faire de lui un concurrent s\u00e9rieux \u00e0 ce poste.<\/p>\n<p>A droite, le seul profil\u00a0 expatri\u00e9 exploitable est <b>Lunel Dossou-Gb\u00e9t\u00e9<\/b> (22 ans) \u00a0, l\u2019ancien capitaine du Mogas ex international Junior , exil\u00e9 en Tha\u00eflande depuis 3 ans o\u00f9 il \u00e9volue au FC Pattaya.\u00a0 Souvent oubli\u00e9 en s\u00e9lection, peut-\u00eatre qu\u2019il aura sa chance\u00a0?<\/p>\n<p><b><span style=\"text-decoration: underline;\">\u00a0Milieux <\/span><\/b><\/p>\n<p><b>Djiman Koukou<\/b> (23 ans) une exp\u00e9rience hors-norme pour son \u00e2ge, deux Can, une r\u00e9gularit\u00e9 avec les A depuis 2008 et une progression affich\u00e9e en club. Actuel 3<sup>e<\/sup> de Ligue 2 fran\u00e7aise avec Niort , c\u2019est le moment ou jamais pour l\u2019infatigable milieu d\u00e9fensif de faire valoir les le\u00e7ons retenues de ses d\u00e9buts compliqu\u00e9s avec le maillot jaune.<\/p>\n<p>Outre l\u2019ancien joueur de Soleil, dans l\u2019entrejeu mais dans un autre registre, le capitaine <b>St\u00e9phane S\u00e8ssegnon (29 ans)<\/b> sera bien s\u00fbre incontournable. <b>Mouri Ogounbiyi<\/b> (30 ans), peut aussi \u00eatre toujours utile pour exp\u00e9rience dans l\u2019accompagnement de la nouvelle g\u00e9n\u00e9ration. Apr\u00e8s trois Can ,le N\u00eemois n\u2019a plus beaucoup de d\u00e9fis \u00e0 relever en s\u00e9lection<\/p>\n<p><b><span style=\"text-decoration: underline;\">Les ailiers<\/span><\/b><\/p>\n<p>Nos s\u00e9lections ont souvent manqu\u00e9 de joueurs de couloirs Oll\u00e9-Nicolle aura tout de m\u00eame le choix.<\/p>\n<p><b>Jodel Dossou<\/b> (21 ans), le jeune ailier du Redbull de Salzburg en\u00a0 Autriche, impeccable lors des trois derni\u00e8res sorties de la s\u00e9lection en \u00e9liminatoires de du Mondial 2014 a d\u00e9j\u00e0 mis tout le monde d\u2019accord sur ses\u00a0 qualit\u00e9s de percussions et d\u2019acc\u00e9l\u00e9rations.\u00a0 <b>Abdel Fadel Suanon <\/b>(18 ans, photo<b>) <\/b>de l\u2019Etoile du Sahel en Tunisie, aussi est une valeur s\u00fbre dans ce secteur, en plus de poss\u00e9der un sens du but impitoyable, il va vite et difficile \u00e0 contenir sur son flanc. Le prodige polyvalent il peut aussi jouer \u00e0 la pointe de l\u2019attaque avec son m\u00e8tre 80.<\/p>\n<p><b>Djamal Fassassi<\/b> (25 ans), l\u2019ailier droit ou gauche du AS C Mb\u00e9ri sportif , international A depuis 2010, est lui aussi oubli\u00e9 de la s\u00e9lection depuis qu\u2019il s\u2019est exil\u00e9 au Gabon il y a deux saisons.<\/p>\n<p><b>David Djigla<\/b> (18ans), le n\u00e9o-bordelais en juin par Manuel Amoros en juin en 2012 chez les A, il fait ses classes actuellement avec la r\u00e9serve girondine. Il serait plus consid\u00e9r\u00e9 comme un pari pour l\u2019avenir.<\/p>\n<p><b><span style=\"text-decoration: underline;\">Les attaquants <\/span><\/b><\/p>\n<p>Les places seront ch\u00e8res aux avant-postes. <b>Michael Pot\u00e9<\/b>\u00a0 (28 ans), Dynamo Dresden (Allemagne) malgr\u00e9 sa saison en demi-teinte est un cadre maintenant. <b>Rudy Gestede<\/b> (1.94m, 26 ans), arriv\u00e9 en s\u00e9lection il y a un peu plus d\u2019un an, il a gagn\u00e9 sa place \u00e0 la pointe de l\u2019attaque. Avec son second souffle retrouv\u00e9 depuis qu\u2019il a quitt\u00e9 Cardiff pour Blackburn on peut compter sur lui. Auteur d\u2019une remarquable saison en Alg\u00e9rie avec ses 10 buts inscrit toutes comp\u00e9titions confondues, il est l\u2019attaquant b\u00e9ninois le plus prolifique \u00e0 l\u2019\u00e9tranger, <b>Mohamed Aoudou<\/b> (1.90m, 24 ans)\u00a0 de la Js Saoura en Alg\u00e9rie, r\u00e9gulier en s\u00e9lection depuis la Can 2010, le buteur-h\u00e9ros veut \u00eatre plus qu\u2019un joker de luxe. <b>Jacques Bessan (20 ans)<\/b> , meilleur buts avec 9 r\u00e9alisations de l\u2019Es Zarzis qualifi\u00e9s pour les plays off en vue de la mont\u00e9e en ligue 1 tunisienne est \u00e0 suivre \u00e9galement.<\/p>\n<p>G\u00e9raud Viwami<\/p>\n","protected":false},"excerpt":{"rendered":"<p>&nbsp; En juin prochain, nous allons d\u00e9couvrir le premier visage des Ecureuils version Oll\u00e9-Nicolle, le technicien fran\u00e7ais devra construire son \u00e9quipe et \u00a0il s\u2019appuiera \u00e9videment sur les joueurs habitu\u00e9s susceptibles d\u2019apporter une plus-value certaine comme socle. Il ne s\u2019agit pas de convoquer des joueurs sans club, ni aucune r\u00e9f\u00e9rence cr\u00e9dible et pas au niveau. Dans [&hellip;]<\/p>\n","protected":false},"author":4,"featured_media":9711,"comment_status":"open","ping_status":"open","sticky":false,"template":"","format":"standard","meta":{"footnotes":""},"categories":[5],"tags":[],"class_list":["post-9710","post","type-post","status-publish","format-standard","has-post-thumbnail","category-ecureuils"],"_links":{"self":[{"href":"https:\/\/bjfoot.com\/index.php?rest_route=\/wp\/v2\/posts\/9710","targetHints":{"allow":["GET"]}}],"collection":[{"href":"https:\/\/bjfoot.com\/index.php?rest_route=\/wp\/v2\/posts"}],"about":[{"href":"https:\/\/bjfoot.com\/index.php?rest_route=\/wp\/v2\/types\/post"}],"author":[{"embeddable":true,"href":"https:\/\/bjfoot.com\/index.php?rest_route=\/wp\/v2\/users\/4"}],"replies":[{"embeddable":true,"href":"https:\/\/bjfoot.com\/index.php?rest_route=%2Fwp%2Fv2%2Fcomments&post=9710"}],"version-history":[{"count":0,"href":"https:\/\/bjfoot.com\/index.php?rest_route=\/wp\/v2\/posts\/9710\/revisions"}],"wp:featuredmedia":[{"embeddable":true,"href":"https:\/\/bjfoot.com\/index.php?rest_route=\/wp\/v2\/media\/9711"}],"wp:attachment":[{"href":"https:\/\/bjfoot.com\/index.php?rest_route=%2Fwp%2Fv2%2Fmedia&parent=9710"}],"wp:term":[{"taxonomy":"category","embeddable":true,"href":"https:\/\/bjfoot.com\/index.php?rest_route=%2Fwp%2Fv2%2Fcategories&post=9710"},{"taxonomy":"post_tag","embeddable":true,"href":"https:\/\/bjfoot.com\/index.php?rest_route=%2Fwp%2Fv2%2Ftags&post=9710"}],"curies":[{"name":"wp","href":"https:\/\/api.w.org\/{rel}","templated":true}]}}