{"id":5953,"date":"2012-02-22T20:38:13","date_gmt":"2012-02-22T19:38:13","guid":{"rendered":"http:\/\/bjfoot.com\/?p=5953"},"modified":"2012-02-22T20:39:40","modified_gmt":"2012-02-22T19:39:40","slug":"les-ecureuils-terminent-le-stage-sur-une-defaite-match-amical-face-a-laspac-1-2","status":"publish","type":"post","link":"https:\/\/bjfoot.com\/?p=5953","title":{"rendered":"Les Ecureuils terminent  le stage sur une d\u00e9faite: Match amical face \u00e0 l\u2019Aspac 1-2"},"content":{"rendered":"<p>La deuxi\u00e8me semaine de stage des Ecureuils locaux s\u2019est achev\u00e9e hier sur la d\u00e9faite 1-2 en match amical face \u00e0 l\u2019Aspac.<\/p>\n<p><a href=\"http:\/\/bjfoot.com\/wp-content\/uploads\/2012\/02\/ecureuils-benin-manuel-amoros.jpg\"><img decoding=\"async\" class=\"alignleft size-full wp-image-5954 lazyload\" title=\"ecureuils-benin-manuel-amoros\" data-src=\"http:\/\/bjfoot.com\/wp-content\/uploads\/2012\/02\/ecureuils-benin-manuel-amoros.jpg\" alt=\"\" width=\"470\" height=\"310\" src=\"data:image\/svg+xml;base64,PHN2ZyB3aWR0aD0iMSIgaGVpZ2h0PSIxIiB4bWxucz0iaHR0cDovL3d3dy53My5vcmcvMjAwMC9zdmciPjwvc3ZnPg==\" style=\"--smush-placeholder-width: 470px; --smush-placeholder-aspect-ratio: 470\/310;\" \/><\/a><\/p>\n<p>Manuel Amoros a pass\u00e9 au peigne fin tout son groupe, en alignant une \u00e9quipe par mi-temps. Les Ecureuils locaux qui avaient plus \u00e0 c\u0153ur de montrer des qualit\u00e9s individuelles n\u2019ont pu contenir, l\u2019actuel leader du championnat. Le premier but est conc\u00e9d\u00e9 sur un p\u00e9nalty transform\u00e9 par Fouss\u00e9ni Lazadi en premi\u00e8re p\u00e9riode.<\/p>\n<p>En seconde p\u00e9riode, tous les rempla\u00e7ants entrent en jeu. Les Ecureuils reviennent au score gr\u00e2ce \u00e0 Isaac Lout\u00e9 avant de c\u00e9der quelques minutes plus tard sur but de Johnson Onwuka.<\/p>\n<p>Ainsi s\u2019ach\u00e8vent ces premi\u00e8res semaines de travail de Manuel Amoros avec le groupe local. Le s\u00e9lectionneur qui tient ce jour une conf\u00e9rence de presse devrait annoncer les quatre ou cinq joueurs locaux qui compl\u00e9teront le groupe des expatri\u00e9s pour le match du mercredi prochain \u00e0 Addis-Abeba face \u00e0 l\u2019Ethiopie.<\/p>\n<p><strong>Aubay<\/strong><\/p>\n","protected":false},"excerpt":{"rendered":"<p>La deuxi\u00e8me semaine de stage des Ecureuils locaux s\u2019est achev\u00e9e hier sur la d\u00e9faite 1-2 en match amical face \u00e0 l\u2019Aspac. Manuel Amoros a pass\u00e9 au peigne fin tout son groupe, en alignant une \u00e9quipe par mi-temps. Les Ecureuils locaux qui avaient plus \u00e0 c\u0153ur de montrer des qualit\u00e9s individuelles n\u2019ont pu contenir, l\u2019actuel leader [&hellip;]<\/p>\n","protected":false},"author":2,"featured_media":5954,"comment_status":"open","ping_status":"open","sticky":false,"template":"","format":"standard","meta":{"content-type":"","footnotes":""},"categories":[5,139,57],"tags":[752,747,14,749,1169,750,751,748],"class_list":{"0":"post-5953","1":"post","2":"type-post","3":"status-publish","4":"format-standard","5":"has-post-thumbnail","7":"category-ecureuils","8":"category-en-club","9":"category-flash","10":"tag-adis-abeba","11":"tag-amoros","12":"tag-aspac","13":"tag-can-2013","14":"tag-ecureuils","15":"tag-ethiopie","16":"tag-ethiopie-benin","17":"tag-preparation"},"_links":{"self":[{"href":"https:\/\/bjfoot.com\/index.php?rest_route=\/wp\/v2\/posts\/5953","targetHints":{"allow":["GET"]}}],"collection":[{"href":"https:\/\/bjfoot.com\/index.php?rest_route=\/wp\/v2\/posts"}],"about":[{"href":"https:\/\/bjfoot.com\/index.php?rest_route=\/wp\/v2\/types\/post"}],"author":[{"embeddable":true,"href":"https:\/\/bjfoot.com\/index.php?rest_route=\/wp\/v2\/users\/2"}],"replies":[{"embeddable":true,"href":"https:\/\/bjfoot.com\/index.php?rest_route=%2Fwp%2Fv2%2Fcomments&post=5953"}],"version-history":[{"count":0,"href":"https:\/\/bjfoot.com\/index.php?rest_route=\/wp\/v2\/posts\/5953\/revisions"}],"wp:featuredmedia":[{"embeddable":true,"href":"https:\/\/bjfoot.com\/index.php?rest_route=\/wp\/v2\/media\/5954"}],"wp:attachment":[{"href":"https:\/\/bjfoot.com\/index.php?rest_route=%2Fwp%2Fv2%2Fmedia&parent=5953"}],"wp:term":[{"taxonomy":"category","embeddable":true,"href":"https:\/\/bjfoot.com\/index.php?rest_route=%2Fwp%2Fv2%2Fcategories&post=5953"},{"taxonomy":"post_tag","embeddable":true,"href":"https:\/\/bjfoot.com\/index.php?rest_route=%2Fwp%2Fv2%2Ftags&post=5953"}],"curies":[{"name":"wp","href":"https:\/\/api.w.org\/{rel}","templated":true}]}}