{"id":5899,"date":"2012-02-12T20:00:38","date_gmt":"2012-02-12T19:00:38","guid":{"rendered":"http:\/\/bjfoot.com\/?p=5899"},"modified":"2012-02-12T20:00:38","modified_gmt":"2012-02-12T19:00:38","slug":"can-2012-le-show-avant-le-foot","status":"publish","type":"post","link":"https:\/\/bjfoot.com\/?p=5899","title":{"rendered":"Can 2012 : Le show avant le foot"},"content":{"rendered":"<p><span style=\"font-family: Calibri; font-size: small;\">\u00a0<\/span><\/p>\n<p><span style=\"font-family: Calibri; font-size: small;\">A 18h30, l\u2019\u00e9cran g\u00e9ant du stade de Libreville projette 4 personnalit\u00e9s. On distingue les deux pr\u00e9sidents des pays co-organisateurs, Obiang Nguema Mbasogo, et Ali Bongo. Aux c\u00f4t\u00e9s de ces derniers, Issa Hayatou, pr\u00e9sident de la Caf, Joseph Blatter, pr\u00e9sident de la Fifa et Boni Yayi, pr\u00e9sident en exercice de l\u2019Union africaine.<\/span><\/p>\n<p><span style=\"font-family: Calibri; font-size: small;\">En compagnie de Jean Ping, pr\u00e9sident de la Commission de l\u2019Union africaine, les patrons du foot et les pr\u00e9sidents gabonais, guin\u00e9ens et b\u00e9ninois vont marcher du tunnel de sortie des joueurs jusqu\u2019au centre du terrain. L\u2019hymne de l\u2019Union africaine va r\u00e9sonner pendant quelques secondes. Ensuite, c\u2019est \u00e0 Issa Hayatou qu\u2019\u00e9choient l\u2019honneur et le privil\u00e8ge d\u2019allumer la flamme de la paix en Afrique.<\/span><\/p>\n<p><span style=\"font-family: Calibri; font-size: small;\">5 minutes, et puis ce sera tout pour cette c\u00e9r\u00e9monie fort simple, mais charg\u00e9 du symbole d\u2019unit\u00e9 d\u2019action entre dirigeants politiques et sportifs pour servir l\u2019Afrique.<\/span><\/p>\n<p><span style=\"font-family: Calibri; font-size: small;\">18h35, les pr\u00e9sidents \u00e9changent, au bord du terrain entre 18h35 et 18h37 minutes. Joseph Blatter va remettre un fanion de la Fifa et une m\u00e9daille, \u00e0 chacun des deux pr\u00e9sidents, co-organisateurs de la Can 2012. Ceux-ci recevront les f\u00e9licitations de Boni Yayi, pr\u00e9sident de l\u2019Union africaine. Ce dernier re\u00e7oit \u00e0 son tour un fanion de la Fifa, des mains de Joseph Blatter.<\/span><\/p>\n<p><span style=\"font-family: Calibri; font-size: small;\">Le pr\u00e9sident b\u00e9ninois de l\u2019Union africaine va ensuite \u00e9changer durant le retour dans les tribunes, avec le pr\u00e9sident de la Fifa.<\/span><\/p>\n<p><strong><span style=\"font-family: Calibri;\">Aubay, \u00e0 Libreville<\/span><\/strong><\/p>\n<p><strong><span style=\"font-family: Calibri;\">\u00a0<\/span><\/strong><\/p>\n<p><strong><span style=\"font-family: Calibri;\">\u00a0<\/span><\/strong><\/p>\n<p><strong><span style=\"font-family: Calibri;\">L\u2019UA prend conscience du pouvoir du football<\/span><\/strong><\/p>\n<p><span style=\"font-family: Calibri; font-size: small;\">Loin de m\u00e9langer la politique au football, c\u2019est un symbole que repr\u00e9sente cette flamme. L\u2019Union africaine, en 2010 avait marqu\u00e9 de sa pr\u00e9sence la coupe du monde en Afrique du sud avec une vingtaine de chefs d\u2019Etat lors de la c\u00e9r\u00e9monie d\u2019ouverture. Cette fois-ci, le football va voler au secours de l\u2019Union africaine en offrant 150.000 dollars pour la lutte contre la famine en Afrique.<\/span><\/p>\n<p><span style=\"font-family: Calibri; font-size: small;\">La pr\u00e9sence du pr\u00e9sident en exercice de l\u2019Union africaine lors de cette finale de la coupe d\u2019Afrique aux c\u00f4t\u00e9s des pr\u00e9sidents co-organisateurs est un autre signe que les dirigeants de l\u2019Union africaine saisissent le foot comme f\u00e9d\u00e9rateur.<\/span><\/p>\n<p><strong><span style=\"font-family: Calibri;\">Aubay \u00e0 Libreville<\/span><\/strong><\/p>\n<p><span style=\"font-family: Calibri; font-size: small;\">\u00a0<\/span><\/p>\n<p><span style=\"font-family: Calibri; font-size: small;\">\u00a0<\/span><\/p>\n<p><strong><span style=\"font-size: small;\"><span style=\"font-family: Calibri;\">Akon, Dabany, le feu au stade\u00a0!<\/span><\/span><\/strong><\/p>\n<p><span style=\"font-family: Calibri; font-size: small;\">La m\u00e9gastar du rap rnb am\u00e9ricain Akon a ouvert le show final de la Can mettant le public en \u00e9bullition. Patience Dabany, l\u2019ex-premi\u00e8re dame en compagnie du Magic system et de X-Maleya va entonner l\u2019hymne de la Can. Aux sons de dizaines de tonneaux, le public va exulter et chanter avec sa \u00ab\u00a0Mama\u00a0\u00bb. Pendant ce temps, une centaine de figurants arm\u00e9s des drapeaux de chacun des 16 pays participants vont sprinter sur la pelouse du stade de l\u2019Amiti\u00e9. Place enfin au spectacle r\u00e9alis\u00e9 par Marketplace.<\/span><\/p>\n<p><strong><span style=\"font-family: Calibri;\">Aubay \u00e0 Libreville<\/span><\/strong><\/p>\n<p><span style=\"font-family: Calibri; font-size: small;\">\u00a0<\/span><\/p>\n<p><span style=\"font-family: Calibri; font-size: small;\">\u00a0<\/span><\/p>\n","protected":false},"excerpt":{"rendered":"<p>\u00a0 A 18h30, l\u2019\u00e9cran g\u00e9ant du stade de Libreville projette 4 personnalit\u00e9s. On distingue les deux pr\u00e9sidents des pays co-organisateurs, Obiang Nguema Mbasogo, et Ali Bongo. Aux c\u00f4t\u00e9s de ces derniers, Issa Hayatou, pr\u00e9sident de la Caf, Joseph Blatter, pr\u00e9sident de la Fifa et Boni Yayi, pr\u00e9sident en exercice de l\u2019Union africaine. En compagnie de [&hellip;]<\/p>\n","protected":false},"author":3,"featured_media":0,"comment_status":"open","ping_status":"open","sticky":false,"template":"","format":"standard","meta":{"content-type":"","footnotes":""},"categories":[365],"tags":[726,727],"class_list":{"0":"post-5899","1":"post","2":"type-post","3":"status-publish","4":"format-standard","6":"category-can-2012","7":"tag-can-2012-2","8":"tag-finale"},"_links":{"self":[{"href":"https:\/\/bjfoot.com\/index.php?rest_route=\/wp\/v2\/posts\/5899","targetHints":{"allow":["GET"]}}],"collection":[{"href":"https:\/\/bjfoot.com\/index.php?rest_route=\/wp\/v2\/posts"}],"about":[{"href":"https:\/\/bjfoot.com\/index.php?rest_route=\/wp\/v2\/types\/post"}],"author":[{"embeddable":true,"href":"https:\/\/bjfoot.com\/index.php?rest_route=\/wp\/v2\/users\/3"}],"replies":[{"embeddable":true,"href":"https:\/\/bjfoot.com\/index.php?rest_route=%2Fwp%2Fv2%2Fcomments&post=5899"}],"version-history":[{"count":0,"href":"https:\/\/bjfoot.com\/index.php?rest_route=\/wp\/v2\/posts\/5899\/revisions"}],"wp:attachment":[{"href":"https:\/\/bjfoot.com\/index.php?rest_route=%2Fwp%2Fv2%2Fmedia&parent=5899"}],"wp:term":[{"taxonomy":"category","embeddable":true,"href":"https:\/\/bjfoot.com\/index.php?rest_route=%2Fwp%2Fv2%2Fcategories&post=5899"},{"taxonomy":"post_tag","embeddable":true,"href":"https:\/\/bjfoot.com\/index.php?rest_route=%2Fwp%2Fv2%2Ftags&post=5899"}],"curies":[{"name":"wp","href":"https:\/\/api.w.org\/{rel}","templated":true}]}}