{"id":4910,"date":"2011-07-27T17:40:49","date_gmt":"2011-07-27T16:40:49","guid":{"rendered":"http:\/\/bjfoot.com\/?p=4910"},"modified":"2011-07-27T17:40:49","modified_gmt":"2011-07-27T16:40:49","slug":"la-fifa-comme-bouclier-dans-une-affaire-de-malversation-financiere","status":"publish","type":"post","link":"https:\/\/bjfoot.com\/?p=4910","title":{"rendered":"La Fifa comme bouclier dans une affaire de malversation financi\u00e8re ?"},"content":{"rendered":"<p><span style=\"font-family: Calibri;\">\u00a0<\/span><\/p>\n<p><span style=\"font-family: Calibri;\">\u00a0<\/span><\/p>\n<p><strong>(Moucharafou Anjorin\u00a0avait tent\u00e9 d\u2019utiliser l\u2019arme Fifa d\u00e8s f\u00e9vrier)<\/strong><\/p>\n<p><span style=\"font-family: Calibri;\">\u00a0<\/span><\/p>\n<p><span style=\"font-family: Calibri;\">Une correspondance \u00e9crite par la Fifa en r\u00e9ponse \u00e0 une autre envoy\u00e9e par Monsieur Moucharafou Anjorin d\u00e8s f\u00e9vrier et tendant \u00e0 convaincre l\u2019instance internationale que la proc\u00e9dure alors \u00e0 peine enclench\u00e9e portait sur les fonds de l\u2019instance internationale allou\u00e9s \u00e0 la Fbf. Mais pour qui conna\u00eet les termes de la plainte d\u00e9pos\u00e9e par des membres-m\u00eame de la f\u00e9d\u00e9ration, on comprend que le but de la man\u0153uvre \u00e9tait d\u2019utiliser la Fifa comme arme pour obliger la justice \u00e0 arr\u00eater la proc\u00e9dure. Pour certains observateurs, si la Fifa avait connaissance du contenu exact de la plainte, elle s\u2019abstiendrait d\u2019intervenir dans une affaire purement interne. Surtout que les fonds allou\u00e9s par un r\u00e9seau Gsm (Mtn, soci\u00e9t\u00e9 de droit b\u00e9ninois) \u00e9taient destin\u00e9s au financement de la s\u00e9lection nationale b\u00e9ninoise.<\/span><\/p>\n","protected":false},"excerpt":{"rendered":"<p>\u00a0 \u00a0 (Moucharafou Anjorin\u00a0avait tent\u00e9 d\u2019utiliser l\u2019arme Fifa d\u00e8s f\u00e9vrier) \u00a0 Une correspondance \u00e9crite par la Fifa en r\u00e9ponse \u00e0 une autre envoy\u00e9e par Monsieur Moucharafou Anjorin d\u00e8s f\u00e9vrier et tendant \u00e0 convaincre l\u2019instance internationale que la proc\u00e9dure alors \u00e0 peine enclench\u00e9e portait sur les fonds de l\u2019instance internationale allou\u00e9s \u00e0 la Fbf. Mais pour [&hellip;]<\/p>\n","protected":false},"author":3,"featured_media":0,"comment_status":"open","ping_status":"open","sticky":false,"template":"","format":"standard","meta":{"content-type":"","footnotes":""},"categories":[365,3,5,139],"tags":[421,593],"class_list":{"0":"post-4910","1":"post","2":"type-post","3":"status-publish","4":"format-standard","6":"category-can-2012","7":"category-ligue","8":"category-ecureuils","9":"category-en-club","10":"tag-crise-fbf-federation-beninoise-de-football","11":"tag-moucharafou-anjorin-affaire-mtn"},"_links":{"self":[{"href":"https:\/\/bjfoot.com\/index.php?rest_route=\/wp\/v2\/posts\/4910","targetHints":{"allow":["GET"]}}],"collection":[{"href":"https:\/\/bjfoot.com\/index.php?rest_route=\/wp\/v2\/posts"}],"about":[{"href":"https:\/\/bjfoot.com\/index.php?rest_route=\/wp\/v2\/types\/post"}],"author":[{"embeddable":true,"href":"https:\/\/bjfoot.com\/index.php?rest_route=\/wp\/v2\/users\/3"}],"replies":[{"embeddable":true,"href":"https:\/\/bjfoot.com\/index.php?rest_route=%2Fwp%2Fv2%2Fcomments&post=4910"}],"version-history":[{"count":0,"href":"https:\/\/bjfoot.com\/index.php?rest_route=\/wp\/v2\/posts\/4910\/revisions"}],"wp:attachment":[{"href":"https:\/\/bjfoot.com\/index.php?rest_route=%2Fwp%2Fv2%2Fmedia&parent=4910"}],"wp:term":[{"taxonomy":"category","embeddable":true,"href":"https:\/\/bjfoot.com\/index.php?rest_route=%2Fwp%2Fv2%2Fcategories&post=4910"},{"taxonomy":"post_tag","embeddable":true,"href":"https:\/\/bjfoot.com\/index.php?rest_route=%2Fwp%2Fv2%2Ftags&post=4910"}],"curies":[{"name":"wp","href":"https:\/\/api.w.org\/{rel}","templated":true}]}}