{"id":35894,"date":"2026-03-15T23:01:34","date_gmt":"2026-03-15T22:01:34","guid":{"rendered":"https:\/\/bjfoot.com\/?p=35894"},"modified":"2026-03-15T23:02:32","modified_gmt":"2026-03-15T22:02:32","slug":"turquie-j26-olaitan-guide-besiktas-sur-le-podium","status":"publish","type":"post","link":"https:\/\/bjfoot.com\/?p=35894","title":{"rendered":"Turquie-J26: Olaitan guide Besiktas sur le podium"},"content":{"rendered":"\n<p>Besiktas (4e) conforte sa quatri\u00e8me place sur le podium synonyme de qualification en Ligue Europa Conf\u00e9rence Ligue gr\u00e2ce \u00e0 sa victoire 0-2 en d\u00e9placement sur le terrain de Genclerbirligi (13e). <strong>Junior Olaitan (23 matches, 4 buts  en 25-26)<\/strong>, titulaire pour la sixi\u00e8me fois d&rsquo;affil\u00e9e en championnat la recrue hivernale a ouvert le score d&rsquo;un tir du gauche apr\u00e8s un ballon repouss\u00e9 dans la surface de r\u00e9paration (56e). Son deuxi\u00e8me but avec les Aigles d&rsquo;Istanbul qui prennent six points d&rsquo;avance sur le cinqui\u00e8me.<\/p>\n\n\n\n<p><strong>Sylvanus Akou\u00e9t\u00e9.<\/strong><\/p>\n\n\n\n<figure class=\"wp-block-embed is-type-video is-provider-youtube wp-block-embed-youtube wp-embed-aspect-16-9 wp-has-aspect-ratio\"><div class=\"wp-block-embed__wrapper\">\n<iframe title=\"Gen\u00e7lerbirli\u011fi (0-2) Be\u015fikta\u015f - Highlights\/\u00d6zet | Trendyol S\u00fcper Lig - 2025\/26\" width=\"1170\" height=\"658\" data-src=\"https:\/\/www.youtube.com\/embed\/vx2CpulwSqM?feature=oembed\" frameborder=\"0\" allow=\"accelerometer; autoplay; clipboard-write; encrypted-media; gyroscope; picture-in-picture; web-share\" referrerpolicy=\"strict-origin-when-cross-origin\" allowfullscreen src=\"data:image\/svg+xml;base64,PHN2ZyB3aWR0aD0iMSIgaGVpZ2h0PSIxIiB4bWxucz0iaHR0cDovL3d3dy53My5vcmcvMjAwMC9zdmciPjwvc3ZnPg==\" class=\"lazyload\" data-load-mode=\"1\"><\/iframe>\n<\/div><\/figure>\n","protected":false},"excerpt":{"rendered":"<p>Besiktas (4e) conforte sa quatri\u00e8me place sur le podium synonyme de qualification en Ligue Europa Conf\u00e9rence Ligue gr\u00e2ce \u00e0 sa victoire 0-2 en d\u00e9placement sur le terrain de Genclerbirligi (13e). Junior Olaitan (23 matches, 4 buts en 25-26), titulaire pour la sixi\u00e8me fois d&rsquo;affil\u00e9e en championnat la recrue hivernale a ouvert le score d&rsquo;un tir [&hellip;]<\/p>\n","protected":false},"author":4,"featured_media":35896,"comment_status":"open","ping_status":"open","sticky":false,"template":"","format":"standard","meta":{"content-type":"","footnotes":""},"categories":[1841],"tags":[2793,1865],"class_list":{"0":"post-35894","1":"post","2":"type-post","3":"status-publish","4":"format-standard","5":"has-post-thumbnail","7":"category-lire-aussi","8":"tag-besiktas","9":"tag-junior-olaitan"},"_links":{"self":[{"href":"https:\/\/bjfoot.com\/index.php?rest_route=\/wp\/v2\/posts\/35894","targetHints":{"allow":["GET"]}}],"collection":[{"href":"https:\/\/bjfoot.com\/index.php?rest_route=\/wp\/v2\/posts"}],"about":[{"href":"https:\/\/bjfoot.com\/index.php?rest_route=\/wp\/v2\/types\/post"}],"author":[{"embeddable":true,"href":"https:\/\/bjfoot.com\/index.php?rest_route=\/wp\/v2\/users\/4"}],"replies":[{"embeddable":true,"href":"https:\/\/bjfoot.com\/index.php?rest_route=%2Fwp%2Fv2%2Fcomments&post=35894"}],"version-history":[{"count":5,"href":"https:\/\/bjfoot.com\/index.php?rest_route=\/wp\/v2\/posts\/35894\/revisions"}],"predecessor-version":[{"id":35900,"href":"https:\/\/bjfoot.com\/index.php?rest_route=\/wp\/v2\/posts\/35894\/revisions\/35900"}],"wp:featuredmedia":[{"embeddable":true,"href":"https:\/\/bjfoot.com\/index.php?rest_route=\/wp\/v2\/media\/35896"}],"wp:attachment":[{"href":"https:\/\/bjfoot.com\/index.php?rest_route=%2Fwp%2Fv2%2Fmedia&parent=35894"}],"wp:term":[{"taxonomy":"category","embeddable":true,"href":"https:\/\/bjfoot.com\/index.php?rest_route=%2Fwp%2Fv2%2Fcategories&post=35894"},{"taxonomy":"post_tag","embeddable":true,"href":"https:\/\/bjfoot.com\/index.php?rest_route=%2Fwp%2Fv2%2Ftags&post=35894"}],"curies":[{"name":"wp","href":"https:\/\/api.w.org\/{rel}","templated":true}]}}