{"id":35429,"date":"2025-12-30T19:02:15","date_gmt":"2025-12-30T18:02:15","guid":{"rendered":"https:\/\/bjfoot.com\/?p=35429"},"modified":"2026-01-05T13:48:59","modified_gmt":"2026-01-05T12:48:59","slug":"guepards-avec-attidjikou-le-xi-face-au-senegal","status":"publish","type":"post","link":"https:\/\/bjfoot.com\/?p=35429","title":{"rendered":"Gu\u00e9pards: Avec Attidjikou, le XI face au S\u00e9n\u00e9gal"},"content":{"rendered":"\n<p>Le s\u00e9lectionneur des Gu\u00e9pards, Gernot Rohr n&rsquo;a pas cr\u00e9e de surprise dans sa composition d&rsquo;\u00e9quipe pour la 3e journ\u00e9e du groupe D de la CAN Maroc 2025. Le technicien est rest\u00e9 fid\u00e8le \u00e0 son 4-3-3 avec un seul changement au milieu de terrain, Samadou Attidjikou d\u00e9butera comme titulaire dans le trio. Le milieu de Smouha remplace num\u00e9riquement Sessi d&rsquo;Almeida bless\u00e9. C&rsquo;est l&rsquo;unique changement op\u00e9r\u00e9 dans le pr\u00e9c\u00e9d\u00e9nt onze. Coup d&rsquo;envoi \u00e0 20 heures au grand stade de Tanger. <\/p>\n\n\n\n<p><strong><em>XI-B\u00e9nin 4-3-3 : M. Dandjinou &#8211; M. Tijani, O. Verdon, T. Ouorou, Y. Roche &#8211; S. Attidjikou, I. Hassan, D. Dokou &#8211; A. Tosin, J. Olaitan, S. Mouni\u00e9 <\/em><\/strong><\/p>\n\n\n\n<p>G.V. <\/p>\n","protected":false},"excerpt":{"rendered":"<p>Le s\u00e9lectionneur des Gu\u00e9pards, Gernot Rohr n&rsquo;a pas cr\u00e9e de surprise dans sa composition d&rsquo;\u00e9quipe pour la 3e journ\u00e9e du groupe D de la CAN Maroc 2025. Le technicien est rest\u00e9 fid\u00e8le \u00e0 son 4-3-3 avec un seul changement au milieu de terrain, Samadou Attidjikou d\u00e9butera comme titulaire dans le trio. Le milieu de Smouha [&hellip;]<\/p>\n","protected":false},"author":4,"featured_media":35215,"comment_status":"open","ping_status":"open","sticky":false,"template":"","format":"standard","meta":{"content-type":"","footnotes":""},"categories":[5],"tags":[2165],"class_list":{"0":"post-35429","1":"post","2":"type-post","3":"status-publish","4":"format-standard","5":"has-post-thumbnail","7":"category-ecureuils","8":"tag-samadou-attidjikou"},"_links":{"self":[{"href":"https:\/\/bjfoot.com\/index.php?rest_route=\/wp\/v2\/posts\/35429","targetHints":{"allow":["GET"]}}],"collection":[{"href":"https:\/\/bjfoot.com\/index.php?rest_route=\/wp\/v2\/posts"}],"about":[{"href":"https:\/\/bjfoot.com\/index.php?rest_route=\/wp\/v2\/types\/post"}],"author":[{"embeddable":true,"href":"https:\/\/bjfoot.com\/index.php?rest_route=\/wp\/v2\/users\/4"}],"replies":[{"embeddable":true,"href":"https:\/\/bjfoot.com\/index.php?rest_route=%2Fwp%2Fv2%2Fcomments&post=35429"}],"version-history":[{"count":1,"href":"https:\/\/bjfoot.com\/index.php?rest_route=\/wp\/v2\/posts\/35429\/revisions"}],"predecessor-version":[{"id":35430,"href":"https:\/\/bjfoot.com\/index.php?rest_route=\/wp\/v2\/posts\/35429\/revisions\/35430"}],"wp:featuredmedia":[{"embeddable":true,"href":"https:\/\/bjfoot.com\/index.php?rest_route=\/wp\/v2\/media\/35215"}],"wp:attachment":[{"href":"https:\/\/bjfoot.com\/index.php?rest_route=%2Fwp%2Fv2%2Fmedia&parent=35429"}],"wp:term":[{"taxonomy":"category","embeddable":true,"href":"https:\/\/bjfoot.com\/index.php?rest_route=%2Fwp%2Fv2%2Fcategories&post=35429"},{"taxonomy":"post_tag","embeddable":true,"href":"https:\/\/bjfoot.com\/index.php?rest_route=%2Fwp%2Fv2%2Ftags&post=35429"}],"curies":[{"name":"wp","href":"https:\/\/api.w.org\/{rel}","templated":true}]}}