{"id":35095,"date":"2025-12-03T12:53:57","date_gmt":"2025-12-03T11:53:57","guid":{"rendered":"https:\/\/bjfoot.com\/?p=35095"},"modified":"2025-12-09T00:12:11","modified_gmt":"2025-12-08T23:12:11","slug":"guepards-30-noms-pour-le-stage-davant-can-retour-de-mounie-et-premiere-pour-azongnitode","status":"publish","type":"post","link":"https:\/\/bjfoot.com\/?p=35095","title":{"rendered":"Gu\u00e9pards : 30 noms pour le stage d&rsquo;avant CAN, retour du capitaine Mouni\u00e9 et premi\u00e8re pour Azongnitod\u00e9."},"content":{"rendered":"\n<p><strong>Une liste de 30 joueurs retenus pour l&rsquo;unique stage de pr\u00e9paration de la Can Maroc 2025, le s\u00e9lectionneur des Gu\u00e9pards est rest\u00e9 fid\u00e8le \u00e0 son groupe avec une seule nouveaut\u00e9 en d\u00e9fense centrale. <\/strong><\/p>\n\n\n\n<p><\/p>\n\n\n\n<p>Gernot Rohr a fait confiance \u00e0 son ossature habituelle dans la constitution de sa liste pr\u00e9liminaire de 30 joueurs qui feront le stage programm\u00e9 \u00e0 Ben Slimane au Maroc \u00e0 partir du 10 d\u00e9cembre prochain. Mais ce n&rsquo;est pas encore la liste d\u00e9finitive car la Caf n&rsquo;autorise que 28 s\u00e9lectionn\u00e9s au maximum pour la phase finale. Le s\u00e9lectionneur doit encore trancher sur effectif final sur 27 joueurs annonc\u00e9s avec une deadline fix\u00e9e aux 11 d\u00e9cembre minuit par l&rsquo;organisation pour boucler les effectifs. <\/p>\n\n\n\n<p><strong>Azongnitod\u00e9, comme novice<\/strong> <\/p>\n\n\n\n<p>A la recherche de solutions d\u00e9fensives suite au forfait de C\u00e9dric Hountondji, le technicien mise une nouvelle fois sur la jeunesse avec la premi\u00e8re convocation de Charlemagne Azongnitod\u00e9 (24 ans). Pensionnaire d&rsquo;Oulu Ac en premi\u00e8re division finlandaise o\u00f9 il a termin\u00e9 l&rsquo;ann\u00e9e 2025 avec 9 apparitions . D\u00e9fenseur central de pr\u00e9dilection r\u00e9put\u00e9 dynamique et travailleur avait d\u00e9but\u00e9 son exercice 2025 \u00e0 Hapoel Acre en Israel o\u00f9 il avait disput\u00e9 17 matches entre janvier et mai 2025. Il sera l&rsquo;une des attractions de ce premier regroupement chez les A. International connu chez les U17, U20, U23 er A&rsquo;, l&rsquo;ancien joueur de Dadj\u00e8 passe le dernier cap sous le maillot du B\u00e9nin. <\/p>\n\n\n\n<p><strong>Le rayon des retours <\/strong><\/p>\n\n\n\n<p>Absent lors de la tr\u00eave internationale en novembre, le capitaine Steve Mouni\u00e9 fait son retour de blessure logiquement. Rodolfo Aloko, touch\u00e9 en septembre au genou est s\u00e9lectionn\u00e9 apr\u00e8s sa reprise de comp\u00e9tition \u00e0 Kustosija. Ecart\u00e9s par choix le mois dernier, les milieux Matt\u00e9o Ahlinvi et Matt\u00e9o Ahouangbo reviennent aussi dans le groupe. <\/p>\n\n\n\n<p><strong>G\u00e9raud Viwami<\/strong><\/p>\n\n\n\n<p><\/p>\n\n\n\n<p><\/p>\n\n\n\n<p><strong>La liste des 30 Gu\u00e9pards&nbsp;&nbsp;<\/strong><\/p>\n\n\n\n<p><strong>Gardiens (3)\u00a0:\u00a0<\/strong>Saturnin Allagb\u00e9 (Chauray-\u00a0France), Marcel Dandjinou (Kruger United \u2013\u00a0Afrique du Sud), Serges Obassa (Remo Stars\u00a0\u2013\u00a0Nig\u00e9ria)<\/p>\n\n\n\n<p><strong>D\u00e9fenseurs (9)\u00a0:<\/strong>\u00a0David Kiki (Steuea Bucarest\u00a0\u2013\u00a0Roumanie), Rodrigue Fassinou\u00a0(Coton ), Mohamed Tijani (Yverdon\u00a0\u2013\u00a0Suisse) Yohan Roche (Petrolul\u00a0\u2013\u00a0Roumanie), Olivier Verdon (Ludogorets \u2013 Bulgarie) , Charlemagne Azongnitod\u00e9 (Oulu AC- Finlande), Tamimou Ouorou (Sobemap), Samadou Attidjikou\u00a0(Smouha\u00a0\u2013\u00a0Egypte), Rachid Moumini (Sumqayit &#8211; Azerbaidjan)<\/p>\n\n\n\n<p><strong>Milieux (7)\u00a0:<\/strong>\u00a0Sessi d\u2019Almeida (Neftci Baku\u00a0\u2013\u00a0Azerbaidjan), Gislain Ahoudo (As Gab\u00e8s\u00a0\u2013\u00a0Tunisie), Dodo Dokou\u00a0(Leixoes \u2013\u00a0Portugal), Mariano Ahouangbo\u00a0\u00a0(Olimpija Ljubljana &#8211; Slov\u00e9nie)\u00a0, Imourane Hassan (Grasshoppers \u2013\u00a0Suisse),\u00a0\u00a0Rodrigue Kossi (Hassania Agadir \u2013 Maroc) , Matt\u00e9o Ahlinvi (Arsenal Tula &#8211; Russie). \u00a0<\/p>\n\n\n\n<p><strong>Attaquants (11)\u00a0:<\/strong>\u00a0Steve Mouni\u00e9 (Alanyaspor &#8211; Turquie), Junior Olaitan (Goztepe\u00a0\u2013\u00a0Turquie), Romaric Amoussou\u00a0(Asec Mimosas\u00a0\u2013\u00a0C\u00f4te d\u2019ivoire ), Felipe Santos (Araz\u00a0\u2013\u00a0Azerba\u00efdjan), Aiyegun Tosin (Lorient \u2013 France ),\u00a0 Andr\u00e9as Hountondji (St Pauli\u00a0\u2013\u00a0Allemagne), Razak Rachidou (Kustosija &#8211; Croatie), Jodel Dossou \u00a0(US Pays Valois &#8211; France) Olatoundji Tessilimi (SJK Seinajoki \u2013 Finlande), Adam Akimey (Helsinborg- Su\u00e8de), Rodolfo Aloko (Kustosija &#8211; Croatie)<\/p>\n\n\n\n<p><strong>Coach : Gernot Rohr<\/strong><\/p>\n\n\n\n<p><\/p>\n","protected":false},"excerpt":{"rendered":"<p>Une liste de 30 joueurs retenus pour l&rsquo;unique stage de pr\u00e9paration de la Can Maroc 2025, le s\u00e9lectionneur des Gu\u00e9pards est rest\u00e9 fid\u00e8le \u00e0 son groupe avec une seule nouveaut\u00e9 en d\u00e9fense centrale. Gernot Rohr a fait confiance \u00e0 son ossature habituelle dans la constitution de sa liste pr\u00e9liminaire de 30 joueurs qui feront le [&hellip;]<\/p>\n","protected":false},"author":4,"featured_media":35096,"comment_status":"open","ping_status":"open","sticky":false,"template":"","format":"standard","meta":{"content-type":"","footnotes":""},"categories":[5,1841],"tags":[1834,1865,1749,1862,372,1053,2020],"class_list":{"0":"post-35095","1":"post","2":"type-post","3":"status-publish","4":"format-standard","5":"has-post-thumbnail","7":"category-ecureuils","8":"category-lire-aussi","9":"tag-charlemagne-azongnitode","10":"tag-junior-olaitan","11":"tag-matteo-ahlinvi","12":"tag-romaric-amoussou","13":"tag-saturnin-allagbe","14":"tag-steve-mounie","15":"tag-tosin-aiyegun"},"_links":{"self":[{"href":"https:\/\/bjfoot.com\/index.php?rest_route=\/wp\/v2\/posts\/35095","targetHints":{"allow":["GET"]}}],"collection":[{"href":"https:\/\/bjfoot.com\/index.php?rest_route=\/wp\/v2\/posts"}],"about":[{"href":"https:\/\/bjfoot.com\/index.php?rest_route=\/wp\/v2\/types\/post"}],"author":[{"embeddable":true,"href":"https:\/\/bjfoot.com\/index.php?rest_route=\/wp\/v2\/users\/4"}],"replies":[{"embeddable":true,"href":"https:\/\/bjfoot.com\/index.php?rest_route=%2Fwp%2Fv2%2Fcomments&post=35095"}],"version-history":[{"count":2,"href":"https:\/\/bjfoot.com\/index.php?rest_route=\/wp\/v2\/posts\/35095\/revisions"}],"predecessor-version":[{"id":35098,"href":"https:\/\/bjfoot.com\/index.php?rest_route=\/wp\/v2\/posts\/35095\/revisions\/35098"}],"wp:featuredmedia":[{"embeddable":true,"href":"https:\/\/bjfoot.com\/index.php?rest_route=\/wp\/v2\/media\/35096"}],"wp:attachment":[{"href":"https:\/\/bjfoot.com\/index.php?rest_route=%2Fwp%2Fv2%2Fmedia&parent=35095"}],"wp:term":[{"taxonomy":"category","embeddable":true,"href":"https:\/\/bjfoot.com\/index.php?rest_route=%2Fwp%2Fv2%2Fcategories&post=35095"},{"taxonomy":"post_tag","embeddable":true,"href":"https:\/\/bjfoot.com\/index.php?rest_route=%2Fwp%2Fv2%2Ftags&post=35095"}],"curies":[{"name":"wp","href":"https:\/\/api.w.org\/{rel}","templated":true}]}}