{"id":34916,"date":"2025-11-05T18:57:38","date_gmt":"2025-11-05T17:57:38","guid":{"rendered":"https:\/\/bjfoot.com\/?p=34916"},"modified":"2025-11-05T18:57:38","modified_gmt":"2025-11-05T17:57:38","slug":"guepards-les-choix-forts-a-venir-de-rohr","status":"publish","type":"post","link":"https:\/\/bjfoot.com\/?p=34916","title":{"rendered":"Gu\u00e9pards : Les choix forts \u00e0 venir de Rohr"},"content":{"rendered":"\n<p><strong>Le s\u00e9lectionneur des Gu\u00e9pards demain la liste du B\u00e9nin affrontera le Burkina Faso en match amical le 18 novembre prochain au Maroc. Le technicien fran\u00e7ais qui devrait \u00e9largir son groupe pour une revue g\u00e9n\u00e9rale fera des choix forts \u00e0 un mois de la Can. <\/strong><\/p>\n\n\n\n<p><\/p>\n\n\n\n<p><\/p>\n\n\n\n<p>Dans les tuyaux depuis plusieurs semaines trois nouveaux expatri\u00e9s binationaux seront appel\u00e9s pour une premi\u00e8re avec le B\u00e9nin. Deux noms ont d\u00e9j\u00e0 filtr\u00e9 apr\u00e8s la confirmation des clubs suite \u00e0 leur convocation. Il s&rsquo;agit de l&rsquo;ailier b\u00e9nino-su\u00e9dois, Adam Akimey (21 ans), joueur d&rsquo;Helsinborg au pays de Zlatan Ibrahimovic qui fera ses premiers pas avec la nation d&rsquo;origine de son p\u00e8re. Le second c&rsquo;est un br\u00e9silien naturalis\u00e9 r\u00e9cemment comme b\u00e9ninois, F\u00e9lipe Dos  Santos (28 ans), ailier de Araz en Azerbaidjan qui d\u00e9couvrira le circuit du B\u00e9nin dans les jours \u00e0 venir. L&rsquo;identit\u00e9 de la troisi\u00e8me recrue n&rsquo;a pas encore \u00e9t\u00e9 r\u00e9v\u00e9l\u00e9e mais selon certaines sources, il s&rsquo;agirait d&rsquo;Arthur Atta (22 ans). Le milieu d&rsquo;Udinese aurait finalement donn\u00e9 son accord pour rejoindre les Gu\u00e9pards apr\u00e8s avoir connu les \u00e9quipes de France U20 et Espoir. Un joli coup en vue ? <\/p>\n\n\n\n<p><strong>La d\u00e9fense centrale en question<\/strong><\/p>\n\n\n\n<p>C\u00e9dric Hountondji bless\u00e9 au tendon est d&rsquo;ores et d\u00e9j\u00e0 forfait pour ce rassemblement \u00e0 cause de blessure, le s\u00e9lectionneur doit trouver des solutions en d\u00e9fense centrale. L&rsquo;une des id\u00e9es \u00e0 l&rsquo;\u00e9tude serait un replacement d&rsquo;Imourane Hassan plus bas sur le terrain. Un poste qu&rsquo;il occupe actuellement au Grasshoppers Zurich dans le championnat suisse. Gislain Ahoudo qui revient en force \u00e0 Gab\u00e8s en Tunisie et m\u00eame Rodrigue Kossi qui encha\u00eene \u00e0 Agadir au Marco, habituels milieux d\u00e9fensifs connaissent aussi bien le poste central en d\u00e9fense. Mais l&rsquo;option la plus cr\u00e9dible est Yohan Roche. Central de pr\u00e9dilection, utilis\u00e9 comme arri\u00e8re gauche en s\u00e9lection nationale devrait retrouver son poste naturel et abandonner le d\u00e9pannage \u00e0 gauche au profit d&rsquo;un vrai sp\u00e9cialiste arri\u00e8re lat\u00e9ral. <\/p>\n\n\n\n<p>La piste menant au capitaine de Coton Bachirou Sika serait \u00e0 l&rsquo;\u00e9tude en d\u00e9fense centrale et celle de Steve Dosse du FK Tauras (Lituaniez) au poste d&rsquo;arri\u00e8re gauche. <\/p>\n\n\n\n<p><strong>Ahouangbo et Ahlinvi \u00e9cart\u00e9s ? <\/strong><\/p>\n\n\n\n<p>Au milieu, Rohr devrait se passer des services de deux habitu\u00e9s : Mariano Ahounagbo et Matt\u00e9o Ahlinvi. Le premier en manque de temps de jeu \u00e0 l&rsquo;Olimpija Ljubljana paye sa situation d\u00e9licate en club. Le second qui n&rsquo;entre pas vraiment dans les plans du s\u00e9lectionneur  malgr\u00e9 sa r\u00e9gularit\u00e9 en Russie \u00e0 l&rsquo;Arsenal Tula (12 apparitions en club en 2025) avec un temps de jeu r\u00e9duit sous le maillot national.<\/p>\n\n\n\n<p><strong>Tamimou et Rachidou maintenus ? <\/strong><\/p>\n\n\n\n<p>Si les deux milieux sont \u00e9cart\u00e9s ce n&rsquo;est pas le cas de deux autres \u00e9l\u00e9ments aux situations bien \u00e9tranges. Malgr\u00e9 qu&rsquo;il soit toujours sans club au mois de novembre, le d\u00e9fenseur  Ouorou Tamimou devrait garder la confiance du staff. Sur la ligne offensive, Razack Rachidou, disparu des radars depuis sa signature Kustosija en Croatie. Le milieu offensif n&rsquo;a plus disput\u00e9 la moindre minute depuis plus d&rsquo;un mois. Son aventure avait le club  croate de troisi\u00e8me division ayant \u00e9t\u00e9 \u00e9court\u00e9. Sans r\u00e9el comp\u00e9tition, Rohr devrait quand m\u00eame le maintenir dans son groupe \u00e9largie. <\/p>\n\n\n\n<p><strong>Le rayon des surprises.<\/strong><\/p>\n\n\n\n<p>Aldo Loko, milieu offensif et capitaine de l&rsquo;As Sobemap, actuel leader du championnat fait partie des locaux suivis et pourrait d\u00e9couvrir le groupe. Tout comme le gardien de Coton, Aubin Lissassi, brillant en coupe de la Caf qui aussi les faveurs du staff. On parle aussi en interne d&rsquo;un retour de Prince Ricardo Dossou qui n&rsquo;a plus \u00e9t\u00e9 retenu en A depuis juin 2024. Auteur de 14 buts et 8 passes d\u00e9cisives \u00e0 Tartu Welco en Estonie, Samidou Bawa, joueur b\u00e9ninois le plus d\u00e9cisif cette saison en Europe est \u00e0 suivre \u00e9galement.<\/p>\n\n\n\n<p><strong>. G\u00e9raud Viwami<\/strong><\/p>\n\n\n\n<p><\/p>\n","protected":false},"excerpt":{"rendered":"<p>Le s\u00e9lectionneur des Gu\u00e9pards demain la liste du B\u00e9nin affrontera le Burkina Faso en match amical le 18 novembre prochain au Maroc. Le technicien fran\u00e7ais qui devrait \u00e9largir son groupe pour une revue g\u00e9n\u00e9rale fera des choix forts \u00e0 un mois de la Can. Dans les tuyaux depuis plusieurs semaines trois nouveaux expatri\u00e9s binationaux seront [&hellip;]<\/p>\n","protected":false},"author":4,"featured_media":34683,"comment_status":"open","ping_status":"open","sticky":false,"template":"","format":"standard","meta":{"content-type":"","footnotes":""},"categories":[1840],"tags":[2708,2487,2405,1212,1749,2435,1934],"class_list":{"0":"post-34916","1":"post","2":"type-post","3":"status-publish","4":"format-standard","5":"has-post-thumbnail","7":"category-la-une","8":"tag-adam-akimey","9":"tag-aldo-loko","10":"tag-aubin-lissassi","11":"tag-gernot-rohr","12":"tag-matteo-ahlinvi","13":"tag-razack-rachidou","14":"tag-samidou-bawa"},"_links":{"self":[{"href":"https:\/\/bjfoot.com\/index.php?rest_route=\/wp\/v2\/posts\/34916","targetHints":{"allow":["GET"]}}],"collection":[{"href":"https:\/\/bjfoot.com\/index.php?rest_route=\/wp\/v2\/posts"}],"about":[{"href":"https:\/\/bjfoot.com\/index.php?rest_route=\/wp\/v2\/types\/post"}],"author":[{"embeddable":true,"href":"https:\/\/bjfoot.com\/index.php?rest_route=\/wp\/v2\/users\/4"}],"replies":[{"embeddable":true,"href":"https:\/\/bjfoot.com\/index.php?rest_route=%2Fwp%2Fv2%2Fcomments&post=34916"}],"version-history":[{"count":3,"href":"https:\/\/bjfoot.com\/index.php?rest_route=\/wp\/v2\/posts\/34916\/revisions"}],"predecessor-version":[{"id":34919,"href":"https:\/\/bjfoot.com\/index.php?rest_route=\/wp\/v2\/posts\/34916\/revisions\/34919"}],"wp:featuredmedia":[{"embeddable":true,"href":"https:\/\/bjfoot.com\/index.php?rest_route=\/wp\/v2\/media\/34683"}],"wp:attachment":[{"href":"https:\/\/bjfoot.com\/index.php?rest_route=%2Fwp%2Fv2%2Fmedia&parent=34916"}],"wp:term":[{"taxonomy":"category","embeddable":true,"href":"https:\/\/bjfoot.com\/index.php?rest_route=%2Fwp%2Fv2%2Fcategories&post=34916"},{"taxonomy":"post_tag","embeddable":true,"href":"https:\/\/bjfoot.com\/index.php?rest_route=%2Fwp%2Fv2%2Ftags&post=34916"}],"curies":[{"name":"wp","href":"https:\/\/api.w.org\/{rel}","templated":true}]}}