{"id":34574,"date":"2025-09-25T13:32:40","date_gmt":"2025-09-25T12:32:40","guid":{"rendered":"https:\/\/bjfoot.com\/?p=34574"},"modified":"2025-09-27T00:17:15","modified_gmt":"2025-09-26T23:17:15","slug":"entretien-aiyegun-tosin-il-faut-toujours-rester-humble","status":"publish","type":"post","link":"https:\/\/bjfoot.com\/?p=34574","title":{"rendered":"Entretien : Aiyegun Tosin \u00a0\u00bb Il faut toujours rester humble \u00ab\u00a0"},"content":{"rendered":"\n<p><strong>Ce samedi lors de la r\u00e9ception de Monaco ce samedi pour la 6e journ\u00e9e de championnat au Moustoir, Aiyegun Tosin (27 ans) aura le privil\u00e8ge de la foul\u00e9e la pelouse avec le badge sp\u00e9cial \u00ab\u00a0Top Scoreur\u00a0\u00bb r\u00e9serv\u00e9 au meilleur buteur de Ligue 1 sur son maillot. L&rsquo;attaquant international qui sera le premier b\u00e9ninois honor\u00e9 par cet artifice car auteur de trois buts en cinq journ\u00e9es avec Lorient partage la t\u00eate du classement des buteurs en Hexagone. Le Gu\u00e9pard a accord\u00e9 un entretien exclusif \u00e0 nos confr\u00e8res fran\u00e7ais du T\u00e9l\u00e9gramme. <\/strong><\/p>\n\n\n\n<p><strong>Top Scoreur de Ligue 1, pouvez-vous l&rsquo;imaginer pendant la pr\u00e9paration ? <\/strong><\/p>\n\n\n\n<p>J&rsquo;ai toujours travailler dur pour \u00eatre l\u00e0. \u00c7a repr\u00e9sente beaucoup de choses pour moi parce que ma premi\u00e8re saison en Ligue 1 ne s&rsquo;est pas d\u00e9roul\u00e9e comme je l&rsquo;aurais voulu. Et maintenant, je suis l\u00e0, apr\u00e8s avoir beaucoup travaill\u00e9, \u00eatre rest\u00e9 tr\u00e8s patient mais il faut toujours rester humble. <\/p>\n\n\n\n<p><strong>Qu&rsquo;est-ce qui a chang\u00e9 depuis cette premi\u00e8re saison ? <\/strong><\/p>\n\n\n\n<p>C&rsquo;\u00e9tait un nouveau club avec, bien s\u00fbr beaucoup de nouveaux partenaires. Il a fallu un peu de temps pour que je m&rsquo;adapte. L\u00e0 je suis \u00e0 la maison ! <\/p>\n\n\n\n<p><strong>Le titre de meilleur joueur de Ligue 2  du mois de d\u00e9cembre vous a-t-il permis de vous lib\u00e9rer? <\/strong><\/p>\n\n\n\n<p>Oui beaucoup ! Et j&rsquo;ai aussi ma famille qui est toujours l\u00e0 \u00e0 mes c\u00f4t\u00e9s pour essayer de me pousser. <\/p>\n\n\n\n<p><strong>Comment vous voyez l&rsquo;attaquant que vous \u00eates ? <\/strong><\/p>\n\n\n\n<p>Franchement, j&rsquo;essaie de regarder tout ce que les autres font, tous les clubs, tous les attaquants, comment ils font leurs appels, comment ils placent leurs ballon&#8230;J&rsquo;aime beaucoup Demb\u00e9l\u00e9, Mbapp\u00e9 parce que c&rsquo;est vraiment le haut niveau mais je regarde aussi Drogba et Eto&rsquo;o parce que ce sont les Africains qui nous ont inspir\u00e9s. Moi, j&rsquo;essaie d&rsquo;apprendre, de progresser sur les placements devant le but parce que dans la surface, il faut \u00eatre pr\u00eat \u00e0 chaque ballon. <\/p>\n\n\n\n<p><strong>Cette saison vous vous blessez moins. Cela r\u00e9sulte-t-il d&rsquo;un gros travail de pr\u00e9paration ? <\/strong><\/p>\n\n\n\n<p>Le pr\u00e9parateur physique de Lorient est l\u00e0 pour m&rsquo;aider. J&rsquo;essaie d&rsquo;installer une routine, avec beaucoup de pr\u00e9paration individuelle pour rester au top. Je fais du renforcement musculaire sur tout le corps. <\/p>\n\n\n\n<p><strong>La Coupe d&rsquo;Afrique des Nations approche, l&rsquo;avez-vous en t\u00eate ?<\/strong><\/p>\n\n\n\n<p>Evidemment mais pour le moment, je suis vraiment focus sur Lorient. La Can c&rsquo;est fin d\u00e9cembre. <\/p>\n\n\n\n<p><strong>Le s\u00e9lectionneur Gernot Rohr s&rsquo;est \u00e9tonn\u00e9 du fait que  vous avez jou\u00e9 \u00e0 Marseille. Jouer au V\u00e9lodrome vous tenait-il \u00e0 coeur? <\/strong><\/p>\n\n\n\n<p>C&rsquo;est quand m\u00eame magnifique de jouer au stade Velodrome! Tu n&rsquo;es jamais s\u00fbr d&rsquo;y retourner. Nous, Africain, on en r\u00eave. Donc il faut en profiter ! En s\u00e9lection j&rsquo;avais senti une g\u00eane. Du coup, je n&rsquo;ai pas voulu forcer et je suis rentr\u00e9 faire les soins. \u00c7a m&rsquo;a beaucoup aid\u00e9 et , avec le staff, on a essay\u00e9 de voir si \u00e7a pouvait aller durant 10-20 minutes. Et je n&rsquo;ai plus ressenti. <\/p>\n\n\n\n<p><strong>Que repr\u00e9sente la Ligue 1 au B\u00e9nin ? <\/strong><\/p>\n\n\n\n<p>Tout Africain, qui a grandi au pays, a regard\u00e9 les matches de Marseille, de Paris ou d&rsquo;autres grands clubs. Alors, j&rsquo;ai toujours r\u00eav\u00e9 de jouer en Ligue 1, j&rsquo;avais dit \u00e0 mon agent : moi je veux jouer en France. Je lui avais demand\u00e9 de travailler dans ce sens. Aujourd&rsquo;hui \u00e0 moi de travailler. <\/p>\n\n\n\n<p><strong>Beaucoup r\u00eavent d&rsquo;Angleterre mais vous , c&rsquo;\u00e9tait la France&#8230;<\/strong><\/p>\n\n\n\n<p>Quand j&rsquo;\u00e9tais petit je regardais St\u00e9phane S\u00e8ssegnon qui jouait pour le PSG. Et il est comme mon papa, il m&rsquo;appelle tout le temps, me donne des conseils&#8230; Je me rappelle que quand j&rsquo;\u00e9tais en Turquie pour ma premi\u00e8re s\u00e9lection, il m&rsquo;a dit : \u00ab\u00a0Tu es un talent j&rsquo;esp\u00e8re que tu vas faire beaucoup de choses que tu vas aider le B\u00e9nin et je suis l\u00e0 pour toi\u00a0\u00bb Pour moi, c&rsquo;est un r\u00eave devenu r\u00e9alit\u00e9. <\/p>\n\n\n\n<p><strong>Source : Le T\u00e9l\u00e9gramme.<\/strong><\/p>\n\n\n\n<p><\/p>\n","protected":false},"excerpt":{"rendered":"<p>Ce samedi lors de la r\u00e9ception de Monaco ce samedi pour la 6e journ\u00e9e de championnat au Moustoir, Aiyegun Tosin (27 ans) aura le privil\u00e8ge de la foul\u00e9e la pelouse avec le badge sp\u00e9cial \u00ab\u00a0Top Scoreur\u00a0\u00bb r\u00e9serv\u00e9 au meilleur buteur de Ligue 1 sur son maillot. L&rsquo;attaquant international qui sera le premier b\u00e9ninois honor\u00e9 par [&hellip;]<\/p>\n","protected":false},"author":4,"featured_media":34573,"comment_status":"open","ping_status":"open","sticky":false,"template":"","format":"standard","meta":{"content-type":"","footnotes":""},"categories":[36,1841],"tags":[2450],"class_list":{"0":"post-34574","1":"post","2":"type-post","3":"status-publish","4":"format-standard","5":"has-post-thumbnail","7":"category-interviews","8":"category-lire-aussi","9":"tag-aiyegun-tosin"},"_links":{"self":[{"href":"https:\/\/bjfoot.com\/index.php?rest_route=\/wp\/v2\/posts\/34574","targetHints":{"allow":["GET"]}}],"collection":[{"href":"https:\/\/bjfoot.com\/index.php?rest_route=\/wp\/v2\/posts"}],"about":[{"href":"https:\/\/bjfoot.com\/index.php?rest_route=\/wp\/v2\/types\/post"}],"author":[{"embeddable":true,"href":"https:\/\/bjfoot.com\/index.php?rest_route=\/wp\/v2\/users\/4"}],"replies":[{"embeddable":true,"href":"https:\/\/bjfoot.com\/index.php?rest_route=%2Fwp%2Fv2%2Fcomments&post=34574"}],"version-history":[{"count":1,"href":"https:\/\/bjfoot.com\/index.php?rest_route=\/wp\/v2\/posts\/34574\/revisions"}],"predecessor-version":[{"id":34575,"href":"https:\/\/bjfoot.com\/index.php?rest_route=\/wp\/v2\/posts\/34574\/revisions\/34575"}],"wp:featuredmedia":[{"embeddable":true,"href":"https:\/\/bjfoot.com\/index.php?rest_route=\/wp\/v2\/media\/34573"}],"wp:attachment":[{"href":"https:\/\/bjfoot.com\/index.php?rest_route=%2Fwp%2Fv2%2Fmedia&parent=34574"}],"wp:term":[{"taxonomy":"category","embeddable":true,"href":"https:\/\/bjfoot.com\/index.php?rest_route=%2Fwp%2Fv2%2Fcategories&post=34574"},{"taxonomy":"post_tag","embeddable":true,"href":"https:\/\/bjfoot.com\/index.php?rest_route=%2Fwp%2Fv2%2Ftags&post=34574"}],"curies":[{"name":"wp","href":"https:\/\/api.w.org\/{rel}","templated":true}]}}