{"id":29270,"date":"2023-02-20T08:47:31","date_gmt":"2023-02-20T07:47:31","guid":{"rendered":"https:\/\/bjfoot.com\/?p=29270"},"modified":"2023-02-25T13:57:19","modified_gmt":"2023-02-25T12:57:19","slug":"suisse-aiyegun-plie-le-derby-de-zurich","status":"publish","type":"post","link":"https:\/\/bjfoot.com\/?p=29270","title":{"rendered":"Suisse : Aiyegun plie le derby de Zurich !"},"content":{"rendered":"<p class=\"p1\"><span class=\"s1\">Le Fc Zurich (8e) men\u00e9 jusqu\u2019\u00e0 l\u2019heure de jeu dans le derby<span class=\"Apple-converted-space\">\u00a0 <\/span>de la capitale<span class=\"Apple-converted-space\">\u00a0 <\/span>contre Grashoppers (7e) s\u2019en est remis \u00e0 <em><strong>Tosin Aiyegun (24 ans, 19 matches , 7 buts, 2 passes d\u00e9cisives en 22-23)<\/strong><\/em> pour renverser le match de la 21e journ\u00e9e . L\u2019attaquant a d\u2019abord \u00e9galis\u00e9 (66e) avant de donner la victoire 1-2 (73e). Son septi\u00e8me but de la saison en championnat, son troisi\u00e8me sur les deux derniers matches. Meilleur buteur de son club qui<span class=\"Apple-converted-space\">\u00a0 <\/span>s\u2019\u00e9loigne de la zone rouge en prolongeant une s\u00e9rie de six matches sans d\u00e9faites. <\/span><\/p>\n<p class=\"p1\"><strong><span class=\"s1\">G\u00e9raud Viwami<\/span><\/strong><\/p>\n<p>https:\/\/twitter.com\/geraudviwami\/status\/1627574486609412096?s=46&#038;t=RY5HwmkYXq7fEIJUEfcDNg<\/p>\n","protected":false},"excerpt":{"rendered":"<p>Le Fc Zurich (8e) men\u00e9 jusqu\u2019\u00e0 l\u2019heure de jeu dans le derby\u00a0 de la capitale\u00a0 contre Grashoppers (7e) s\u2019en est remis \u00e0 Tosin Aiyegun (24 ans, 19 matches , 7 buts, 2 passes d\u00e9cisives en 22-23) pour renverser le match de la 21e journ\u00e9e . L\u2019attaquant a d\u2019abord \u00e9galis\u00e9 (66e) avant de donner la victoire [&hellip;]<\/p>\n","protected":false},"author":4,"featured_media":29271,"comment_status":"open","ping_status":"open","sticky":false,"template":"","format":"standard","meta":{"content-type":"","footnotes":""},"categories":[5,1842],"tags":[2112,2020],"class_list":{"0":"post-29270","1":"post","2":"type-post","3":"status-publish","4":"format-standard","5":"has-post-thumbnail","7":"category-ecureuils","8":"category-le-scan","9":"tag-fc-zurich","10":"tag-tosin-aiyegun"},"_links":{"self":[{"href":"https:\/\/bjfoot.com\/index.php?rest_route=\/wp\/v2\/posts\/29270","targetHints":{"allow":["GET"]}}],"collection":[{"href":"https:\/\/bjfoot.com\/index.php?rest_route=\/wp\/v2\/posts"}],"about":[{"href":"https:\/\/bjfoot.com\/index.php?rest_route=\/wp\/v2\/types\/post"}],"author":[{"embeddable":true,"href":"https:\/\/bjfoot.com\/index.php?rest_route=\/wp\/v2\/users\/4"}],"replies":[{"embeddable":true,"href":"https:\/\/bjfoot.com\/index.php?rest_route=%2Fwp%2Fv2%2Fcomments&post=29270"}],"version-history":[{"count":1,"href":"https:\/\/bjfoot.com\/index.php?rest_route=\/wp\/v2\/posts\/29270\/revisions"}],"predecessor-version":[{"id":29272,"href":"https:\/\/bjfoot.com\/index.php?rest_route=\/wp\/v2\/posts\/29270\/revisions\/29272"}],"wp:featuredmedia":[{"embeddable":true,"href":"https:\/\/bjfoot.com\/index.php?rest_route=\/wp\/v2\/media\/29271"}],"wp:attachment":[{"href":"https:\/\/bjfoot.com\/index.php?rest_route=%2Fwp%2Fv2%2Fmedia&parent=29270"}],"wp:term":[{"taxonomy":"category","embeddable":true,"href":"https:\/\/bjfoot.com\/index.php?rest_route=%2Fwp%2Fv2%2Fcategories&post=29270"},{"taxonomy":"post_tag","embeddable":true,"href":"https:\/\/bjfoot.com\/index.php?rest_route=%2Fwp%2Fv2%2Ftags&post=29270"}],"curies":[{"name":"wp","href":"https:\/\/api.w.org\/{rel}","templated":true}]}}