{"id":25456,"date":"2021-03-05T13:35:54","date_gmt":"2021-03-05T12:35:54","guid":{"rendered":"https:\/\/bjfoot.com\/?p=25456"},"modified":"2021-03-12T17:17:07","modified_gmt":"2021-03-12T16:17:07","slug":"entretien-abdel-fadel-suanon-marquer-des-buts-cest-toute-ma-vie","status":"publish","type":"post","link":"https:\/\/bjfoot.com\/?p=25456","title":{"rendered":"Entretien : Abdel Fadel Suanon \u00a0\u00bb Marquer des buts, c&rsquo;est toute ma vie \u00ab\u00a0"},"content":{"rendered":"<p><strong><em>Arriv\u00e9 sur la pointe des pieds \u00e0 Free State Stars , en Afrique du Sud, l&rsquo;attaquant international b\u00e9ninois, Abdel Fadel Suanon (25 ans) , auteur de trois buts en dix matches nous raconte sa nouvelle exp\u00e9rience , ses choix de\u00a0 carri\u00e8re et son obsession pour les buts. Entretien.<\/em><\/strong><\/p>\n<p>&nbsp;<\/p>\n<p><strong>Alors , comment vous avez pu atterrir \u00e0 Free Stars?\u00a0<\/strong><\/p>\n<p>Free State n&rsquo;\u00e9tait pas ma premi\u00e8re destination en Afrique du Sud. Ce n&rsquo;\u00e9tait pas pr\u00e9vu. J&rsquo;avais \u00e9t\u00e9 approch\u00e9 par Black Leopards en premi\u00e8re division. Mais les discussions prenaient du temps parce que le club subissait des changements en interne, c&rsquo;\u00e9tait un peu tendu. Puis, un matin, le directeur sportif de Free State a contact\u00e9 mon agent. Il a eu un discours franc avec un bon projet sportif et le courant est pass\u00e9 entre nous. Ils veulent remonter le plus rapidement en premi\u00e8re division. Ils ont de bonnes infrastructures et j&rsquo;aime aussi les d\u00e9fis.<\/p>\n<p><strong>Donc vous n&rsquo;avez pas h\u00e9sit\u00e9?\u00a0<\/strong><\/p>\n<p>Quand j&rsquo;ai donn\u00e9 ma parole pour rejoindre le club, je n&rsquo;ai plus eu de doutes. Dans la foul\u00e9e , j&rsquo;ai re\u00e7u une offre du CA Bizerte en premi\u00e8re division tunisienne. Ils n&rsquo;ont pas pu me convaincre parce que je connais un peu les conditions dans le pays et j&rsquo;avais d\u00e9j\u00e0 donn\u00e9 ma parole . Je ne pouvais pas revenir en arri\u00e8re.<\/p>\n<p><strong>Vous avez \u00e9t\u00e9 surpris par le football surplace ?\u00a0<\/strong><\/p>\n<p>Un peu j&rsquo;avoue. M\u00eame si c&rsquo;est en deuxi\u00e8me division. Les clubs sont bien structur\u00e9s. On utilise parfois les stades de la coupe du Monde 2010. Vous voyez un peu le standing? Les matches sont diffus\u00e9s sur Super Sports. Cela n&rsquo;a rien \u00e0 envier d&rsquo;autres ligues ailleurs. Et puis sur le terrain, c&rsquo;est un football tr\u00e8s anglophones , \u00e7a joue vite vers l&rsquo;avant avec beaucoup de duels. A Free State par exemple , nous jouons r\u00e9guli\u00e8rement avec deux attaquants, on aime le foot offensif. Je prend vraiment du plaisir, ici. Il ne manque que les supporters pour faire vibrer les stades, car ici il y a de vrais passionn\u00e9s.\u00a0 Nous avons un niveau technique tr\u00e8s int\u00e9ressant. J&rsquo;ai \u00e9t\u00e9 agr\u00e9ablement surpris.<\/p>\n<p><strong>Free State ambitionne de vite retrouver l&rsquo;\u00e9lite puisque vous \u00eates sixi\u00e8mes \u00e0 deux points du podium \u00e0 l&rsquo;issue de la phase aller?\u00a0<\/strong><\/p>\n<p>Le club ne joue pas le maintien. Nous jouons pour la promotion.\u00a0 C&rsquo;est une \u00e9quipe habitu\u00e9e \u00e0 jouer en premi\u00e8re division , ils sont descendus il y a deux ans. L&rsquo;ann\u00e9e o\u00f9 ils ont gagn\u00e9 la coupe nationale avec la Coupe Caf \u00e0 la cl\u00e9. Cette ann\u00e9e , l&rsquo;\u00e9quipe veut remonter dans son projet. J&rsquo;esp\u00e8re qu&rsquo;on va y arriver \u00e0 l&rsquo;issue de cette saison.<\/p>\n<p><strong>Des objectifs personnels?\u00a0<\/strong><\/p>\n<p>Je n&rsquo;ai pas d&rsquo;objectifs personnels obligatoires. L&rsquo;essentiel c&rsquo;est de faire monter l&rsquo;\u00e9quipe.\u00a0 Si je peux marquer et aider l&rsquo;\u00e9quipe, je le ferai.\u00a0 Je joue r\u00e9guli\u00e8rement c&rsquo;est tr\u00e8s important. Si j&rsquo;arrive \u00e0 marque dix ou quinze buts\u00a0 , cela serait tr\u00e8s bien pour moi mais l&rsquo;objectif principal :\u00a0 c&rsquo;est la mont\u00e9e.<\/p>\n<p><img decoding=\"async\" class=\"alignright size-full wp-image-25457 lazyload\" data-src=\"https:\/\/bjfoot.com\/wp-content\/uploads\/2021\/03\/IMG_8862.jpg\" alt=\"\" width=\"1024\" height=\"683\" src=\"data:image\/svg+xml;base64,PHN2ZyB3aWR0aD0iMSIgaGVpZ2h0PSIxIiB4bWxucz0iaHR0cDovL3d3dy53My5vcmcvMjAwMC9zdmciPjwvc3ZnPg==\" style=\"--smush-placeholder-width: 1024px; --smush-placeholder-aspect-ratio: 1024\/683;\" \/><\/p>\n<h1><\/h1>\n<h2><\/h2>\n<h2><\/h2>\n<h2>\u00ab\u00a0Ensuite Roger Lemerre est arriv\u00e9 \u00e0 la t\u00eate de l&rsquo;\u00e9quipe premi\u00e8re. Je faisais partie du groupe professionnel et un jour en janvier 2014\u00a0 il a d\u00e9cid\u00e9 de me lancer en championnat contre l&rsquo;Olympique B\u00e9ja et je mets un doubl\u00e9. C&rsquo;\u00e9tait comme un r\u00eave pour moi.\u00a0\u00bb<\/h2>\n<p>&nbsp;<\/p>\n<p><strong>Vous entamez donc un nouveau cycle apr\u00e8s cinq ann\u00e9es en Arabie Saoudite , \u00e7a change&#8230;<\/strong><\/p>\n<p>J&rsquo;\u00e9tais parti en Arabie Saoudite dans des conditions particuli\u00e8res. Je sortais de six mois de gal\u00e8re sur le terrain comme en dehors \u00e0 la JS Kairouan en Tunisie o\u00f9 j&rsquo;\u00e9tais en pr\u00eat (rires). J&rsquo;avais envie de d\u00e9couvrir autre chose pour plusieurs raisons. J&rsquo;arrive en deuxi\u00e8me division dans un bon club, Damac. Au fil des saisons, on a eu les moyens de faire monter l&rsquo;\u00e9quipe en premi\u00e8re division. Le projet a mis cinq saisons \u00e0 aboutir. Aujourd&rsquo;hui ils sont dans l&rsquo;\u00e9lite saoudienne m\u00eame si je ne suis plus l\u00e0. Je garde une certaine fiert\u00e9 d&rsquo;avoir particip\u00e9 \u00e0 \u00e7a. J&rsquo;ai \u00e9t\u00e9 m\u00eame capitaine sur les deux derni\u00e8res saisons. Alors que je suis arriv\u00e9 tranquillement. Je voulais juste jouer et m&rsquo;\u00e9panouir et les gens m&rsquo;ont adopt\u00e9 dans la ville , je re\u00e7ois encore des messages des supporters qui ne m&rsquo;ont pas oubli\u00e9. \u00c7a me touche beaucoup. Je garde Damac dans mon coeur.<\/p>\n<p><strong>Apr\u00e8s avoir \u00e9t\u00e9 meilleur buteur du championnat local en 2011 avec 13 buts en 16 matches au Mogas 90 , vous avez fil\u00e9 en Tunisie pour lancer votre carri\u00e8re \u00e0 l&rsquo;\u00e9tranger&#8230;<\/strong><\/p>\n<p>Apr\u00e8s le Mogas 90 au B\u00e9nin , j&rsquo;ai sign\u00e9 mon premier contrat pro \u00e0 l&rsquo;Etoile du Sahel. J&rsquo;avais sign\u00e9 cinq\u00a0 ans. J&rsquo;ai eu le temps de d\u00e9buter avec les Espoirs du club. Ensuite, Roger Lemerre est arriv\u00e9 \u00e0 la t\u00eate de l&rsquo;\u00e9quipe premi\u00e8re. Je faisais partie du groupe professionnel et un jour en janvier 2014\u00a0 il a d\u00e9cid\u00e9 de me lancer en championnat contre l&rsquo;Olympique B\u00e9ja et je mets un doubl\u00e9. C&rsquo;\u00e9tait comme un r\u00eave pour moi. On parle quand m\u00eame d&rsquo;un entra\u00eeneur de classe mondiale qui a entra\u00een\u00e9 l&rsquo;\u00e9quipe de France , qui a gagn\u00e9 l&rsquo;Euro. Il \u00e9tait comme un p\u00e8re moi , il m&rsquo;a fait confiance , je venais d&rsquo;avoir 18 ans.\u00a0 Tout est parti de l\u00e0, je me suis install\u00e9 durablement dans le groupe.<\/p>\n<p><strong>On raconte que vous aviez un pr\u00e9 contrat \u00e0 Sochaux en France \u00e0 17 ans?\u00a0<\/strong><\/p>\n<p>Effectivement. J&rsquo;ai sign\u00e9 un pr\u00e9 contrat \u00e0 Sochaux en 2012. C&rsquo;\u00e9tait un contrat stagiaire pro. J&rsquo;avais 17 ans. Le Mogas avait trouv\u00e9 un accord avec le club.\u00a0 Et je devais attendre huit mois afin d&rsquo;\u00eatre majeur pour finaliser l&rsquo;op\u00e9ration et je me suis bless\u00e9 au genou. J&rsquo;ai eu les ligaments crois\u00e9s. Cela a compliqu\u00e9 l&rsquo;op\u00e9ration. C&rsquo;\u00e9tait une bonne occasion pour moi parce que Sochaux \u00e9tait encore en premi\u00e8re division \u00e0 l&rsquo;\u00e9poque. J&rsquo;ai pass\u00e9 quelques semaines au club, franchement c&rsquo;\u00e9tait le haut niveau.\u00a0 Je n&rsquo;ai pas eu la chance , tout ce que Dieu fait est bon. J&rsquo;ai pu rebondir \u00e0 l&rsquo;Etoile du Sahel derri\u00e8re.<\/p>\n<p><strong>Vous avez brill\u00e9 avec les U20 , U23 , les A&rsquo; et vous avez \u00e9t\u00e9 lanc\u00e9 chez les A par Didier Oll\u00e9-Nicolle avec un\u00a0 but marqu\u00e9\u00a0 notamment contre la Tanzanie en amical en novembre 2014, mais votre derni\u00e8re cape date de juin 2016, les Ecureuils sont encore dans votre t\u00eate?\u00a0<\/strong><\/p>\n<p>Ah ! La s\u00e9lection me manque honn\u00eatement. J&rsquo;ai \u00e9t\u00e9 r\u00e9gulier sous l&rsquo;ancien staff d&rsquo;Omar Tchomogo. Il y un nouveau staff qui travaille bien actuellement. Je garde de bons souvenirs avec l&rsquo;actuel adjoint Moussa Latoundji qui nous avait amen\u00e9 en 2013 au tournoi de l&rsquo;UFOA au Ghana. Je suis tr\u00e8s content des derniers r\u00e9sultats du groupe , cela remonte bien notre c\u00f4te en Afrique et m\u00eame dans le monde. J&rsquo;ai des amis en s\u00e9lection comme Seidou Baraz\u00e9 et David Djigla donc tout se passe bien.<\/p>\n<p><strong>Au regard de votre carri\u00e8re est-ce que vous aviez l&rsquo;impression d&rsquo;\u00eatre parti trop haut , trop t\u00f4t ?\u00a0<\/strong><\/p>\n<p>Honn\u00eatement c&rsquo;\u00e9tait quand m\u00eame assez haut. A 16 ans , j&rsquo;\u00e9tais tr\u00e8s jeune aussi. J&rsquo;ai une\u00a0 premi\u00e8re offre de pr\u00e9 contrat\u00a0 avec Honefoos en Norv\u00e8ge. Je n&rsquo;\u00e9tais qu&rsquo;un gamin. C&rsquo;\u00e9tait un peu t\u00f4t. Mais c&rsquo;\u00e9tait le fruit du travail. Si j&rsquo;avais eu 18 ans ,\u00e0 ce moment l\u00e0 je pense que ma carri\u00e8re aurait pis une autre tournure. Je ne regrette rien, le foot change rapidement.<\/p>\n<p><img decoding=\"async\" class=\"alignright size-full wp-image-25458 lazyload\" data-src=\"https:\/\/bjfoot.com\/wp-content\/uploads\/2021\/03\/88cc95e4-e3af-40e5-b252-5a6e97e9d8cb.jpg\" alt=\"\" width=\"1068\" height=\"712\" src=\"data:image\/svg+xml;base64,PHN2ZyB3aWR0aD0iMSIgaGVpZ2h0PSIxIiB4bWxucz0iaHR0cDovL3d3dy53My5vcmcvMjAwMC9zdmciPjwvc3ZnPg==\" style=\"--smush-placeholder-width: 1068px; --smush-placeholder-aspect-ratio: 1068\/712;\" \/><\/p>\n<p>&nbsp;<\/p>\n<p><strong>A 25 ans , vous n&rsquo;\u00eates plus le m\u00eame joueur?\u00a0<\/strong><\/p>\n<p>A cet \u00e2ge maintenant. J&rsquo;ai m\u00fbri. J&rsquo;ai pass\u00e9 trois saisons en Tunisie et cinq en Arabie Saoudite. Mine de rien je suis professionnel depuis presque neuf ans. J&rsquo;ai appris beaucoup de choses sur le football sur le terrain comme en dehors. Je peux jouer ais\u00e9ment \u00e0 tous les postes en attaque , dans l&rsquo;axe comme sur les c\u00f4t\u00e9s. C&rsquo;est une palette que j&rsquo;ai bien d\u00e9velopp\u00e9. J&rsquo;ai plus de v\u00e9cu mais je me sens capable d&rsquo;apporter encore plus. Je sens comme une deuxi\u00e8me jeunesse maintenant avec mon agent on a des projets tr\u00e8s int\u00e9ressants pour la suite.<\/p>\n<p><strong>On raconte que marquer vous obs\u00e8de..\u00a0<\/strong><\/p>\n<p>La v\u00e9rit\u00e9 c&rsquo;est que je n&rsquo;aime pas perdre. M\u00eame dans les petits exercices \u00e0 l&rsquo;entra\u00eenement j&rsquo;ai horreur de la d\u00e9faite. Donc pour faire gagner mon \u00e9quipe, il faut que je marque, c&rsquo;est simple. L&rsquo;ann\u00e9e o\u00f9 j&rsquo;ai \u00e9t\u00e9 meilleur buteur au B\u00e9nin par exemple ,\u00a0 je jouais ailier gauche r\u00e9guli\u00e8rement dans un 4-4-2 mais j&rsquo;\u00e9tais constamment attir\u00e9 par le but. M\u00eame en amateur \u00e0 Komondor je marquais beaucoup. Marquer, c&rsquo;est toute ma vie , cette saison je ne suis qu&rsquo;\u00e0 trois buts mais je veux faire plus.<\/p>\n<p><strong>Entretien r\u00e9alis\u00e9 par G\u00e9raud Viwami<\/strong><\/p>\n","protected":false},"excerpt":{"rendered":"<p>Arriv\u00e9 sur la pointe des pieds \u00e0 Free State Stars , en Afrique du Sud, l&rsquo;attaquant international b\u00e9ninois, Abdel Fadel Suanon (25 ans) , auteur de trois buts en dix matches nous raconte sa nouvelle exp\u00e9rience , ses choix de\u00a0 carri\u00e8re et son obsession pour les buts. Entretien. &nbsp; Alors , comment vous avez pu [&hellip;]<\/p>\n","protected":false},"author":4,"featured_media":25247,"comment_status":"open","ping_status":"open","sticky":true,"template":"","format":"standard","meta":{"content-type":"","footnotes":""},"categories":[36,1841],"tags":[480,929,1290],"class_list":{"0":"post-25456","1":"post","2":"type-post","3":"status-publish","4":"format-standard","5":"has-post-thumbnail","7":"category-interviews","8":"category-lire-aussi","9":"tag-abdel-fadel-suanon","10":"tag-etoile-du-sahel","11":"tag-free-state-stars"},"_links":{"self":[{"href":"https:\/\/bjfoot.com\/index.php?rest_route=\/wp\/v2\/posts\/25456","targetHints":{"allow":["GET"]}}],"collection":[{"href":"https:\/\/bjfoot.com\/index.php?rest_route=\/wp\/v2\/posts"}],"about":[{"href":"https:\/\/bjfoot.com\/index.php?rest_route=\/wp\/v2\/types\/post"}],"author":[{"embeddable":true,"href":"https:\/\/bjfoot.com\/index.php?rest_route=\/wp\/v2\/users\/4"}],"replies":[{"embeddable":true,"href":"https:\/\/bjfoot.com\/index.php?rest_route=%2Fwp%2Fv2%2Fcomments&post=25456"}],"version-history":[{"count":5,"href":"https:\/\/bjfoot.com\/index.php?rest_route=\/wp\/v2\/posts\/25456\/revisions"}],"predecessor-version":[{"id":25461,"href":"https:\/\/bjfoot.com\/index.php?rest_route=\/wp\/v2\/posts\/25456\/revisions\/25461"}],"wp:featuredmedia":[{"embeddable":true,"href":"https:\/\/bjfoot.com\/index.php?rest_route=\/wp\/v2\/media\/25247"}],"wp:attachment":[{"href":"https:\/\/bjfoot.com\/index.php?rest_route=%2Fwp%2Fv2%2Fmedia&parent=25456"}],"wp:term":[{"taxonomy":"category","embeddable":true,"href":"https:\/\/bjfoot.com\/index.php?rest_route=%2Fwp%2Fv2%2Fcategories&post=25456"},{"taxonomy":"post_tag","embeddable":true,"href":"https:\/\/bjfoot.com\/index.php?rest_route=%2Fwp%2Fv2%2Ftags&post=25456"}],"curies":[{"name":"wp","href":"https:\/\/api.w.org\/{rel}","templated":true}]}}