{"id":25396,"date":"2021-02-26T13:04:47","date_gmt":"2021-02-26T12:04:47","guid":{"rendered":"https:\/\/bjfoot.com\/?p=25396"},"modified":"2021-03-05T13:54:45","modified_gmt":"2021-03-05T12:54:45","slug":"transfert-stephane-sessegnon-en-est-ou","status":"publish","type":"post","link":"https:\/\/bjfoot.com\/?p=25396","title":{"rendered":"Transfert : St\u00e9phane  S\u00e8ssegnon en est o\u00f9 ?"},"content":{"rendered":"<p><em><b>Sans club depuis son d\u00e9part de Genclerbirligi en Turquie en ao\u00fbt 2020, St\u00e9phane S\u00e8ssegnon (36 ans) n&rsquo;est toujours pas recas\u00e9. Si\u00a0 le capitaine des Ecureuils affiche la volont\u00e9 de poursuivre sa carri\u00e8re , les portes de relance ne sont pas l\u00e9gion. Bjfoot vous d\u00e9voile toutes les derni\u00e8res infos.\u00a0<\/b><\/em><\/p>\n<p>&nbsp;<\/p>\n<p><strong>La situation actuelle<\/strong><\/p>\n<p>Professionnel depuis 2004 , c&rsquo;est la premi\u00e8re fois de sa carri\u00e8re que S\u00e8ssegnon se retrouve aussi longtemps sans club. Sept mois sans service. Exil\u00e9 en Turquie depuis janvier 2018 , il a connu une aventure rythm\u00e9e par une descente en deuxi\u00e8me division et une remont\u00e9e en premi\u00e8re division \u00e0 Genclerbiligi. Le milieu offensif s&rsquo;est m\u00eame vu confi\u00e9 le brassard de capitaine sur le dernier exercice. Sauf qu&rsquo;\u00e0 terme , il ne prolongera pas son bail apr\u00e8s deux ans et demi de collaboration. Il pensait\u00a0 rebondir incessamment mais ce sera le\u00a0 d\u00e9but d&rsquo;une longue attente.<\/p>\n<p>&nbsp;<\/p>\n<p><strong>Un retour en Afrique dans les tuyaux\u00a0<\/strong><\/p>\n<p>Lib\u00e9r\u00e9 en aout 2020 , l&rsquo;ancien parisien a eu des touches avanc\u00e9es en Turquie dans la foul\u00e9e. Akanragurcu et Hatyaspor, pensionnaires de l&rsquo;\u00e9lite turque s&rsquo;\u00e9taient manifest\u00e9s mais le deal ne va pas se faire. Selon nos informations Bandirmaspor (D2 turque), club o\u00f9 s\u00e9journe un autre international\u00a0 b\u00e9ninois n&rsquo;aurait pas eu , \u00e0 son tour , les arguments financiers n\u00e9cessaire pour convaincre S\u00e8ssegnon de rejoindre son co\u00e9quipier.\u00a0 Le joueur patiente jusqu&rsquo;\u00e0 janvier dernier. Sur le mercato hivernal il \u00e9tait encore question d&rsquo;un retour en Turquie. Le joueur \u00e9tait \u00e0 Istanbul jusqu&rsquo;aux\u00a0 derni\u00e8res heures de la fermeture du march\u00e9 fin janvier mais rien ne sera sign\u00e9.<\/p>\n<p>En tant que joueur libre, Di\u00e9go Pourri peut s&rsquo;engager \u00e0 tout moment dans plusieurs pays mais\u00a0 la crise financi\u00e8re li\u00e9e au coronavirus au sein des clubs et le fait qu&rsquo;il bouclera les 37 printemps en juin compliquent\u00a0 son\u00a0 recrutement \u00e0 divers niveaux. Pass\u00e9 par Cr\u00e9teil, Lemans , le PSG et Montpellier en France. Puis Sunderland et West Brom en Angleterre avant une derni\u00e8re pige en Turquie , Sess\u00e8gnon a un CV bien cr\u00e9dible pour rebondir sous d&rsquo;autres cieux.<\/p>\n<p>Selon nos derni\u00e8res informations , \u00e0 l&rsquo;heure o\u00f9 nous bouclons ces lignes , le joueur est favorable \u00e0 un retour en Afrique, quinze ans apr\u00e8s son d\u00e9part des Requins au B\u00e9nin. Les deux clubs soudanais d&rsquo;Al Hilal et Al Merreikh engag\u00e9s en groupe de la Ligue des champions et de la Coupe de la Caf s&rsquo;int\u00e9ressent au profil du recordman de buts chez les Ecureuils. On parle \u00e9galement d&rsquo;un int\u00e9r\u00eat prononc\u00e9 d&rsquo;un club en\u00a0 Egypte. D&rsquo;autres pistes sont \u00e9voqu\u00e9es mais \u00e0 prendre avec des pincettes.\u00a0 L&rsquo;ancien manceau serait pr\u00eat \u00e0 revoir ses pr\u00e9tentions salariales \u00e0 la baisse afin de retrouver la comp\u00e9tition.\u00a0 Est-ce que ce sera suffisant?<\/p>\n<p><strong>Les Ecureuils en ligne de mire\u00a0<\/strong><\/p>\n<p>Absent en s\u00e9lection nationale depuis novembre 2019\u00a0 et la victoire \u00e0 domicile contre la Sierra Leone \u00e0 l&rsquo;occasion de la deuxi\u00e8me journ\u00e9e des qualifications de la Can Cameroun 2022, S\u00e8ssegnon n&rsquo;a plus jou\u00e9 avec les Ecureuils. En club, son dernier match date de juillet 2020. Il n&rsquo;a pas \u00e9t\u00e9 convoqu\u00e9 contre le Gabon , en amical en octobre 2020 puis lors deux journ\u00e9es de qualifications disput\u00e9es en novembre 2020. Son absence est justifi\u00e9e\u00a0 par son ch\u00f4mage technique en club, un choix fort du s\u00e9lectionneur Michel Dussuyer. Le technicien fran\u00e7ais pourrait encore se passer de son num\u00e9ro 17 en mars prochain sur les deux prochaines journ\u00e9es contre le Nig\u00e9ria et la Sierre Leone tant que sa situation ne s&rsquo;arrangera pas. Un dernier objectif qui motive S\u00e8ssegnon \u00e0 se recaser.<\/p>\n<p><strong>G\u00e9raud Viwami\u00a0<\/strong><\/p>\n","protected":false},"excerpt":{"rendered":"<p>Sans club depuis son d\u00e9part de Genclerbirligi en Turquie en ao\u00fbt 2020, St\u00e9phane S\u00e8ssegnon (36 ans) n&rsquo;est toujours pas recas\u00e9. Si\u00a0 le capitaine des Ecureuils affiche la volont\u00e9 de poursuivre sa carri\u00e8re , les portes de relance ne sont pas l\u00e9gion. Bjfoot vous d\u00e9voile toutes les derni\u00e8res infos.\u00a0 &nbsp; La situation actuelle Professionnel depuis 2004 [&hellip;]<\/p>\n","protected":false},"author":4,"featured_media":13155,"comment_status":"open","ping_status":"open","sticky":true,"template":"","format":"standard","meta":{"footnotes":""},"categories":[5,57,1842],"tags":[],"class_list":["post-25396","post","type-post","status-publish","format-standard","has-post-thumbnail","category-ecureuils","category-flash","category-le-scan"],"_links":{"self":[{"href":"https:\/\/bjfoot.com\/index.php?rest_route=\/wp\/v2\/posts\/25396","targetHints":{"allow":["GET"]}}],"collection":[{"href":"https:\/\/bjfoot.com\/index.php?rest_route=\/wp\/v2\/posts"}],"about":[{"href":"https:\/\/bjfoot.com\/index.php?rest_route=\/wp\/v2\/types\/post"}],"author":[{"embeddable":true,"href":"https:\/\/bjfoot.com\/index.php?rest_route=\/wp\/v2\/users\/4"}],"replies":[{"embeddable":true,"href":"https:\/\/bjfoot.com\/index.php?rest_route=%2Fwp%2Fv2%2Fcomments&post=25396"}],"version-history":[{"count":3,"href":"https:\/\/bjfoot.com\/index.php?rest_route=\/wp\/v2\/posts\/25396\/revisions"}],"predecessor-version":[{"id":25412,"href":"https:\/\/bjfoot.com\/index.php?rest_route=\/wp\/v2\/posts\/25396\/revisions\/25412"}],"wp:featuredmedia":[{"embeddable":true,"href":"https:\/\/bjfoot.com\/index.php?rest_route=\/wp\/v2\/media\/13155"}],"wp:attachment":[{"href":"https:\/\/bjfoot.com\/index.php?rest_route=%2Fwp%2Fv2%2Fmedia&parent=25396"}],"wp:term":[{"taxonomy":"category","embeddable":true,"href":"https:\/\/bjfoot.com\/index.php?rest_route=%2Fwp%2Fv2%2Fcategories&post=25396"},{"taxonomy":"post_tag","embeddable":true,"href":"https:\/\/bjfoot.com\/index.php?rest_route=%2Fwp%2Fv2%2Ftags&post=25396"}],"curies":[{"name":"wp","href":"https:\/\/api.w.org\/{rel}","templated":true}]}}