{"id":23988,"date":"2020-08-05T21:31:14","date_gmt":"2020-08-05T20:31:14","guid":{"rendered":"https:\/\/bjfoot.com\/?p=23988"},"modified":"2020-08-05T21:32:57","modified_gmt":"2020-08-05T20:32:57","slug":"transfert-jordan-adeoti-arrive-en-norvege","status":"publish","type":"post","link":"https:\/\/bjfoot.com\/?p=23988","title":{"rendered":"Transfert : Jordan Adeoti arrive en Norv\u00e8ge !"},"content":{"rendered":"<p class=\"p1\"><strong><em><span class=\"s1\"><img loading=\"lazy\" loading=\"lazy\" decoding=\"async\" class=\"alignright size-full wp-image-23990\" src=\"https:\/\/bjfoot.com\/wp-content\/uploads\/2020\/08\/F45E9FCD-72F9-4CC8-A97A-F7655FC06FB6.jpeg\" alt=\"\" width=\"1080\" height=\"716\" \/><br \/>\nLibre depuis la fin de son contrat \u00e0 Auxerre en juin dernier , Jordan Adeoti (31 ans) s\u2019est engag\u00e9 avec Sarpsborg jusqu\u2019en d\u00e9cembre 2020 en Norv\u00e8ge.\u00a0<\/span><\/em><\/strong><\/p>\n<p class=\"p1\"><span class=\"s1\">Jordan Adeoti va conna\u00eetre sa premi\u00e8re exp\u00e9rience \u00e0 l\u2019\u00e9tranger apr\u00e8s la France. Libre , le milieu d\u00e9fensif polyvalent portera les couleurs de Sarpsborg, actuel 11e du championnat norv\u00e9gien de premi\u00e8re division.<span class=\"Apple-converted-space\">\u00a0 <\/span>Il s\u2019est engag\u00e9 jusqu\u2019\u00e0 la fin de la saison en d\u00e9cembre 2020. <\/span><\/p>\n<p class=\"p1\"><span class=\"s1\">Il arrive comme un profil exp\u00e9riment\u00e9 capable d\u2019\u00e9voluer en milieu de terrain mais aussi en d\u00e9fense centrale. <\/span><\/p>\n<p class=\"p1\"><span class=\"s1\">Il devra vite rentrer dans le bain puisque , le championnat est en<span class=\"Apple-converted-space\">\u00a0 <\/span>cours avec<span class=\"Apple-converted-space\">\u00a0 <\/span>13e journ\u00e9e qui se profile sur 30. Rappelons qu\u2019en Scandinavie la saison se d\u00e9roule entre mars et novembre.<\/span><\/p>\n<p>Son arriv\u00e9e a \u00e9t\u00e9 officialis\u00e9e par le club ce soir<\/p>\n<blockquote class=\"twitter-tweet\" data-width=\"550\" data-dnt=\"true\">\n<p lang=\"ht\" dir=\"ltr\">Velkommen til oss, Jordan Ad\u00e9oti \ud83e\udd29 <a href=\"https:\/\/t.co\/mWl9eNXMYn\">https:\/\/t.co\/mWl9eNXMYn<\/a><\/p>\n<p>&mdash; Sarpsborg 08 (@Sarpsborg08) <a href=\"https:\/\/twitter.com\/Sarpsborg08\/status\/1291082919793090560?ref_src=twsrc%5Etfw\">August 5, 2020<\/a><\/p><\/blockquote>\n<p><script async src=\"https:\/\/platform.twitter.com\/widgets.js\" charset=\"utf-8\"><\/script><\/p>\n<p>&nbsp;<\/p>\n<p class=\"p1\"><span class=\"s1\">Apr\u00e8s avoir d\u00e9but\u00e9 \u00e0 Toulouse , il est \u00e9galement pass\u00e9 par Laval, Caen et Auxerre en France et a cumul\u00e9 121 matches de Ligue 2 et 87 de Ligue 1 fran\u00e7aise. <\/span><\/p>\n<p class=\"p1\"><span class=\"s1\">Il sera le premier international b\u00e9ninois \u00e0 porter les couleurs du club.<\/span><\/p>\n<p><b>G\u00e9raud Viwami\u00a0<\/b><\/p>\n","protected":false},"excerpt":{"rendered":"<p>Libre depuis la fin de son contrat \u00e0 Auxerre en juin dernier , Jordan Adeoti (31 ans) s\u2019est engag\u00e9 avec Sarpsborg jusqu\u2019en d\u00e9cembre 2020 en Norv\u00e8ge.\u00a0 Jordan Adeoti va conna\u00eetre sa premi\u00e8re exp\u00e9rience \u00e0 l\u2019\u00e9tranger apr\u00e8s la France. Libre , le milieu d\u00e9fensif polyvalent portera les couleurs de Sarpsborg, actuel 11e du championnat norv\u00e9gien de [&hellip;]<\/p>\n","protected":false},"author":4,"featured_media":23990,"comment_status":"open","ping_status":"open","sticky":true,"template":"","format":"standard","meta":{"footnotes":""},"categories":[5,285],"tags":[],"class_list":["post-23988","post","type-post","status-publish","format-standard","has-post-thumbnail","category-ecureuils","category-transfert"],"_links":{"self":[{"href":"https:\/\/bjfoot.com\/index.php?rest_route=\/wp\/v2\/posts\/23988","targetHints":{"allow":["GET"]}}],"collection":[{"href":"https:\/\/bjfoot.com\/index.php?rest_route=\/wp\/v2\/posts"}],"about":[{"href":"https:\/\/bjfoot.com\/index.php?rest_route=\/wp\/v2\/types\/post"}],"author":[{"embeddable":true,"href":"https:\/\/bjfoot.com\/index.php?rest_route=\/wp\/v2\/users\/4"}],"replies":[{"embeddable":true,"href":"https:\/\/bjfoot.com\/index.php?rest_route=%2Fwp%2Fv2%2Fcomments&post=23988"}],"version-history":[{"count":3,"href":"https:\/\/bjfoot.com\/index.php?rest_route=\/wp\/v2\/posts\/23988\/revisions"}],"predecessor-version":[{"id":23992,"href":"https:\/\/bjfoot.com\/index.php?rest_route=\/wp\/v2\/posts\/23988\/revisions\/23992"}],"wp:featuredmedia":[{"embeddable":true,"href":"https:\/\/bjfoot.com\/index.php?rest_route=\/wp\/v2\/media\/23990"}],"wp:attachment":[{"href":"https:\/\/bjfoot.com\/index.php?rest_route=%2Fwp%2Fv2%2Fmedia&parent=23988"}],"wp:term":[{"taxonomy":"category","embeddable":true,"href":"https:\/\/bjfoot.com\/index.php?rest_route=%2Fwp%2Fv2%2Fcategories&post=23988"},{"taxonomy":"post_tag","embeddable":true,"href":"https:\/\/bjfoot.com\/index.php?rest_route=%2Fwp%2Fv2%2Ftags&post=23988"}],"curies":[{"name":"wp","href":"https:\/\/api.w.org\/{rel}","templated":true}]}}