{"id":22895,"date":"2019-10-30T16:07:28","date_gmt":"2019-10-30T15:07:28","guid":{"rendered":"http:\/\/bjfoot.com\/?p=22895"},"modified":"2019-10-30T16:07:28","modified_gmt":"2019-10-30T15:07:28","slug":"coupe-de-la-caf-les-18-universitaires-retenus-par-richard-bio","status":"publish","type":"post","link":"https:\/\/bjfoot.com\/?p=22895","title":{"rendered":"Coupe de la Caf : Les 18 universitaires retenus par Richard Bio"},"content":{"rendered":"<p>Esae affronte ce soir \u00e0 19h au stade de Thi\u00e8s les\u00a0 s\u00e9n\u00e9galais de G\u00e9n\u00e9ration Foot pour le compte du match aller des barrages d&rsquo;accession aux phases de groupe de la Coupe de la Caf 2019-2020, le\u00a0 coach Richard Bio a retenu un groupe 18 joueurs pour ce match :<\/p>\n<p>Le groupe<\/p>\n<p><strong>Gardiens<\/strong><br \/>\n1- Arile Alechou<br \/>\n16- Marcel Dandjinou<\/p>\n<p><strong>D\u00e9fenseurs<\/strong><br \/>\n2- Christian Legbe<br \/>\n3- Erick Akplogan<br \/>\n4- Hamazat Ibrahim<br \/>\n5- N&rsquo;namdi Ama\u00efro<br \/>\n9- Shabane Sanni<\/p>\n<p><strong>Milieux<\/strong><br \/>\n6- Alfred Linkpon<br \/>\n7- Farid Edou<br \/>\n8- Eric Sewa<br \/>\n10- Michael Dossou<br \/>\n11- Maxime Kokpon<br \/>\n15- Daniel Odiuka<br \/>\n18- Rouchdane Bello<br \/>\n22- Boris Flacandji<\/p>\n<p><strong>Attaquants<\/strong><br \/>\n12- Christian Biokou<br \/>\n13- Ulrich Dah Acheffon<br \/>\n14- Emmanuel Samuel<\/p>\n","protected":false},"excerpt":{"rendered":"<p>Esae affronte ce soir \u00e0 19h au stade de Thi\u00e8s les\u00a0 s\u00e9n\u00e9galais de G\u00e9n\u00e9ration Foot pour le compte du match aller des barrages d&rsquo;accession aux phases de groupe de la Coupe de la Caf 2019-2020, le\u00a0 coach Richard Bio a retenu un groupe 18 joueurs pour ce match : Le groupe Gardiens 1- Arile Alechou [&hellip;]<\/p>\n","protected":false},"author":4,"featured_media":22896,"comment_status":"open","ping_status":"open","sticky":false,"template":"","format":"standard","meta":{"footnotes":""},"categories":[5],"tags":[1674,1657],"class_list":["post-22895","post","type-post","status-publish","format-standard","has-post-thumbnail","category-ecureuils","tag-anselme-kokpon","tag-marcel-dandjinou"],"_links":{"self":[{"href":"https:\/\/bjfoot.com\/index.php?rest_route=\/wp\/v2\/posts\/22895","targetHints":{"allow":["GET"]}}],"collection":[{"href":"https:\/\/bjfoot.com\/index.php?rest_route=\/wp\/v2\/posts"}],"about":[{"href":"https:\/\/bjfoot.com\/index.php?rest_route=\/wp\/v2\/types\/post"}],"author":[{"embeddable":true,"href":"https:\/\/bjfoot.com\/index.php?rest_route=\/wp\/v2\/users\/4"}],"replies":[{"embeddable":true,"href":"https:\/\/bjfoot.com\/index.php?rest_route=%2Fwp%2Fv2%2Fcomments&post=22895"}],"version-history":[{"count":1,"href":"https:\/\/bjfoot.com\/index.php?rest_route=\/wp\/v2\/posts\/22895\/revisions"}],"predecessor-version":[{"id":22897,"href":"https:\/\/bjfoot.com\/index.php?rest_route=\/wp\/v2\/posts\/22895\/revisions\/22897"}],"wp:featuredmedia":[{"embeddable":true,"href":"https:\/\/bjfoot.com\/index.php?rest_route=\/wp\/v2\/media\/22896"}],"wp:attachment":[{"href":"https:\/\/bjfoot.com\/index.php?rest_route=%2Fwp%2Fv2%2Fmedia&parent=22895"}],"wp:term":[{"taxonomy":"category","embeddable":true,"href":"https:\/\/bjfoot.com\/index.php?rest_route=%2Fwp%2Fv2%2Fcategories&post=22895"},{"taxonomy":"post_tag","embeddable":true,"href":"https:\/\/bjfoot.com\/index.php?rest_route=%2Fwp%2Fv2%2Ftags&post=22895"}],"curies":[{"name":"wp","href":"https:\/\/api.w.org\/{rel}","templated":true}]}}