{"id":22549,"date":"2019-08-31T20:53:01","date_gmt":"2019-08-31T19:53:01","guid":{"rendered":"http:\/\/bjfoot.com\/?p=22549"},"modified":"2019-09-03T01:28:06","modified_gmt":"2019-09-03T00:28:06","slug":"ecureuils-khaled-adenon-est-forfait-pour-septembre","status":"publish","type":"post","link":"https:\/\/bjfoot.com\/?p=22549","title":{"rendered":"Ecureuils : Khaled Ad\u00e9non est forfait pour septembre"},"content":{"rendered":"<p>Convoqu\u00e9 avec les Ecureuils pour affronter la C\u00f4te d&rsquo;ivoire et l&rsquo;Alg\u00e9rie\u00a0 en septembre , Abdoul Khaled Ad\u00e9non (34 ans, 1 match en D1 Saoudienne) est forfait. En effet le d\u00e9fenseur d&rsquo;Al Weddah a \u00e9t\u00e9 touch\u00e9 au genou et manquera \u00e0 l&rsquo;appel. Il \u00e9tait d\u00e9j\u00e0 indisponible hier lors de la d\u00e9faite 2-1 de son club contre Abha \u00e0 l&rsquo;occasion de la deuxi\u00e8me journ\u00e9e de championnat. En l&rsquo;absence du vice-capitaine et patron de la d\u00e9fense , Michel Dussuyer devra rapidement convoquer\u00a0 \u00a0un rempla\u00e7ant avant le d\u00e9but du stage en France\u00a0 la semaine prochaine.<\/p>\n<p>G\u00e9raud Viwami<\/p>\n","protected":false},"excerpt":{"rendered":"<p>Convoqu\u00e9 avec les Ecureuils pour affronter la C\u00f4te d&rsquo;ivoire et l&rsquo;Alg\u00e9rie\u00a0 en septembre , Abdoul Khaled Ad\u00e9non (34 ans, 1 match en D1 Saoudienne) est forfait. En effet le d\u00e9fenseur d&rsquo;Al Weddah a \u00e9t\u00e9 touch\u00e9 au genou et manquera \u00e0 l&rsquo;appel. Il \u00e9tait d\u00e9j\u00e0 indisponible hier lors de la d\u00e9faite 2-1 de son club contre [&hellip;]<\/p>\n","protected":false},"author":4,"featured_media":22216,"comment_status":"open","ping_status":"open","sticky":false,"template":"","format":"standard","meta":{"footnotes":""},"categories":[5],"tags":[],"class_list":["post-22549","post","type-post","status-publish","format-standard","has-post-thumbnail","category-ecureuils"],"_links":{"self":[{"href":"https:\/\/bjfoot.com\/index.php?rest_route=\/wp\/v2\/posts\/22549","targetHints":{"allow":["GET"]}}],"collection":[{"href":"https:\/\/bjfoot.com\/index.php?rest_route=\/wp\/v2\/posts"}],"about":[{"href":"https:\/\/bjfoot.com\/index.php?rest_route=\/wp\/v2\/types\/post"}],"author":[{"embeddable":true,"href":"https:\/\/bjfoot.com\/index.php?rest_route=\/wp\/v2\/users\/4"}],"replies":[{"embeddable":true,"href":"https:\/\/bjfoot.com\/index.php?rest_route=%2Fwp%2Fv2%2Fcomments&post=22549"}],"version-history":[{"count":2,"href":"https:\/\/bjfoot.com\/index.php?rest_route=\/wp\/v2\/posts\/22549\/revisions"}],"predecessor-version":[{"id":22551,"href":"https:\/\/bjfoot.com\/index.php?rest_route=\/wp\/v2\/posts\/22549\/revisions\/22551"}],"wp:featuredmedia":[{"embeddable":true,"href":"https:\/\/bjfoot.com\/index.php?rest_route=\/wp\/v2\/media\/22216"}],"wp:attachment":[{"href":"https:\/\/bjfoot.com\/index.php?rest_route=%2Fwp%2Fv2%2Fmedia&parent=22549"}],"wp:term":[{"taxonomy":"category","embeddable":true,"href":"https:\/\/bjfoot.com\/index.php?rest_route=%2Fwp%2Fv2%2Fcategories&post=22549"},{"taxonomy":"post_tag","embeddable":true,"href":"https:\/\/bjfoot.com\/index.php?rest_route=%2Fwp%2Fv2%2Ftags&post=22549"}],"curies":[{"name":"wp","href":"https:\/\/api.w.org\/{rel}","templated":true}]}}