{"id":21838,"date":"2019-06-29T17:04:39","date_gmt":"2019-06-29T16:04:39","guid":{"rendered":"http:\/\/bjfoot.com\/?p=21838"},"modified":"2019-06-29T17:04:39","modified_gmt":"2019-06-29T16:04:39","slug":"transfert-des-discussions-avancees-entre-bordeaux-et-seville-pour-kounde","status":"publish","type":"post","link":"https:\/\/bjfoot.com\/?p=21838","title":{"rendered":"Transfert : Des discussions avanc\u00e9es entre Bordeaux et Seville pour Kound\u00e9"},"content":{"rendered":"<p><strong><em>D\u00e9sireux de conserver Jules Kound\u00e9 cet \u00e9t\u00e9, les Girondins de Bordeaux devraient finalement c\u00e9der leur talentueux d\u00e9fenseur central. Le FC S\u00e9ville fait le forcing, des discussions sont en cours.\u00a0<\/em><\/strong><\/p>\n<p>\u00abNous voulons le garder et b\u00e2tir une grosse \u00e9quipe. A moins de recevoir une offre \u00ab\u00a0hardcore\u00a0\u00bb, on ne le vendra pas.\u00bb En avril dernier, le patron du secteur sportif des Girondins de Bordeaux, Hugo Varela, annon\u00e7ait son intention de conserver Jules Kound\u00e9, tout en laissant la porte ouverte. Visiblement, le club aquitain ne tiendra pas sa position. Ces derni\u00e8res heures, le compte Twitter Girondinfos annon\u00e7ait que le d\u00e9fenseur central de 20 ans avait fait l&rsquo;objet d&rsquo;une \u00abgrosse proposition\u00bb du FC S\u00e9ville. Une offre suffisamment int\u00e9ressante pour pousser les dirigeants bordelais \u00e0 entamer des n\u00e9gociations. L&rsquo;Equipe confirme l&rsquo;information et annonce que des discussions ont d\u00e9but\u00e9 il y a une semaine entre les deux clubs.<\/p>\n<h2>Un transfert sup\u00e9rieur \u00e0 20 M\u20ac<\/h2>\n<p>\u00abOn \u00e9tait proches d&rsquo;un accord mais maintenant que c&rsquo;est sorti, je ne sais pas si \u00e7a va se faire, \u00e7a perturbe les n\u00e9gociations\u00bb , glisse un dirigeant bordelais. Comprenez, d&rsquo;autres clubs pourraient entrer dans la danse pour tenter de doubler les S\u00e9villans, qui ont d\u00e9j\u00e0 propos\u00e9 15, 18 et 20 millions d&rsquo;euros. Ce n&rsquo;est pas une mauvaise nouvelle pour les Girondins qui pourraient faire grimper les ench\u00e8res. Pour le moment, seuls le lat\u00e9ral Enock Kwateng et le d\u00e9fenseur central Mexer ont \u00e9t\u00e9 recrut\u00e9s, tous les deux \u00e9taient en fin de contrat. Alors que l&rsquo;entra\u00eeneur bordelais Paulo Sousa a demand\u00e9 un renfort par ligne cet \u00e9t\u00e9, la vente de Kound\u00e9 permettra aux Bordelais d&rsquo;acc\u00e9l\u00e9rer sur le march\u00e9 des transferts. Pas s\u00fbr toutefois que cette id\u00e9e ravira les supporters qui auront du mal \u00e0 comprendre le d\u00e9part d&rsquo;un joueur aussi prometteur et titularis\u00e9 \u00e0 37 reprises en L1 la saison derni\u00e8re.<\/p>\n<p><strong>Source : maxifoot<\/strong><\/p>\n","protected":false},"excerpt":{"rendered":"<p>D\u00e9sireux de conserver Jules Kound\u00e9 cet \u00e9t\u00e9, les Girondins de Bordeaux devraient finalement c\u00e9der leur talentueux d\u00e9fenseur central. Le FC S\u00e9ville fait le forcing, des discussions sont en cours.\u00a0 \u00abNous voulons le garder et b\u00e2tir une grosse \u00e9quipe. A moins de recevoir une offre \u00ab\u00a0hardcore\u00a0\u00bb, on ne le vendra pas.\u00bb En avril dernier, le patron [&hellip;]<\/p>\n","protected":false},"author":4,"featured_media":21135,"comment_status":"open","ping_status":"open","sticky":false,"template":"","format":"standard","meta":{"footnotes":""},"categories":[285],"tags":[904,1446,1624],"class_list":["post-21838","post","type-post","status-publish","format-standard","has-post-thumbnail","category-transfert","tag-bordeaux","tag-jules-kounde","tag-seville"],"_links":{"self":[{"href":"https:\/\/bjfoot.com\/index.php?rest_route=\/wp\/v2\/posts\/21838","targetHints":{"allow":["GET"]}}],"collection":[{"href":"https:\/\/bjfoot.com\/index.php?rest_route=\/wp\/v2\/posts"}],"about":[{"href":"https:\/\/bjfoot.com\/index.php?rest_route=\/wp\/v2\/types\/post"}],"author":[{"embeddable":true,"href":"https:\/\/bjfoot.com\/index.php?rest_route=\/wp\/v2\/users\/4"}],"replies":[{"embeddable":true,"href":"https:\/\/bjfoot.com\/index.php?rest_route=%2Fwp%2Fv2%2Fcomments&post=21838"}],"version-history":[{"count":1,"href":"https:\/\/bjfoot.com\/index.php?rest_route=\/wp\/v2\/posts\/21838\/revisions"}],"predecessor-version":[{"id":21839,"href":"https:\/\/bjfoot.com\/index.php?rest_route=\/wp\/v2\/posts\/21838\/revisions\/21839"}],"wp:featuredmedia":[{"embeddable":true,"href":"https:\/\/bjfoot.com\/index.php?rest_route=\/wp\/v2\/media\/21135"}],"wp:attachment":[{"href":"https:\/\/bjfoot.com\/index.php?rest_route=%2Fwp%2Fv2%2Fmedia&parent=21838"}],"wp:term":[{"taxonomy":"category","embeddable":true,"href":"https:\/\/bjfoot.com\/index.php?rest_route=%2Fwp%2Fv2%2Fcategories&post=21838"},{"taxonomy":"post_tag","embeddable":true,"href":"https:\/\/bjfoot.com\/index.php?rest_route=%2Fwp%2Fv2%2Ftags&post=21838"}],"curies":[{"name":"wp","href":"https:\/\/api.w.org\/{rel}","templated":true}]}}