{"id":21152,"date":"2019-04-15T13:52:45","date_gmt":"2019-04-15T12:52:45","guid":{"rendered":"http:\/\/bjfoot.com\/?p=21152"},"modified":"2019-04-15T13:52:45","modified_gmt":"2019-04-15T12:52:45","slug":"entretien-jean-marc-adjovi-boco-notre-but-cest-que-le-foot-passion-soit-moteur-deducation-et-dinstruction","status":"publish","type":"post","link":"https:\/\/bjfoot.com\/?p=21152","title":{"rendered":"Entretien : Jean-Marc Adjovi-Boco \u00ab\u00a0Notre but, c&rsquo;est que le foot passion soit moteur d&rsquo;\u00e9ducation et d&rsquo;instruction\u00a0\u00bb"},"content":{"rendered":"<p><strong><em>Droitier repositionn\u00e9 lat\u00e9ral gauche \u00e0 son arriv\u00e9e dans le Nord-Pas-de-Calais, Jimmy Adjovi-Boco \u00e9tait sang et or lors du retour en 1992 de Lens parmi l&rsquo;\u00e9lite du football fran\u00e7ais. Apr\u00e8s six saisons aux c\u00f4t\u00e9s de Lama, Wallemme, Sikora, Meyrieu, Laigle ou Vairelles, l&rsquo;ancien international b\u00e9ninois est rest\u00e9 tr\u00e8s attach\u00e9 \u00e0 la famille lensoise. Alors que Bollaert accueille Valenciennes ce soir, celui \u00e0 l&rsquo;apr\u00e8s-carri\u00e8re ultra-remplie n&rsquo;a pas pu \u00e9chapper \u00e0 l&rsquo;entretien nostalgie. L&rsquo;ancien capitaine des Ecureuils d\u00e9sign\u00e9 vainqueur du prix du d\u00e9veloppement lors des Bjfoot Awards 2018 s&rsquo;est livr\u00e9 sur son exp\u00e9rience lensoise notamment .<\/em><\/strong><\/p>\n<p><b class=\"qr_question\">Vous \u00eates n\u00e9 au\u00a0<a class=\"lien-fiche\" href=\"https:\/\/www.sofoot.com\/benin.html\">B\u00e9nin<\/a>, mais vous avez commenc\u00e9 votre carri\u00e8re dans le Nord de la\u00a0<a class=\"lien-fiche\" href=\"https:\/\/www.sofoot.com\/france.html\">France<\/a>.\u00a0<\/b><br \/>\nPlut\u00f4t en Picardie en fait. Je suis n\u00e9 \u00e0 Cotonou au\u00a0<a class=\"lien-fiche\" href=\"https:\/\/www.sofoot.com\/benin.html\">B\u00e9nin<\/a>, mais j\u2019ai grandi \u00e0 Orry-la-Ville, un petit village \u00e0 c\u00f4t\u00e9 de Chantilly. J\u2019ai commenc\u00e9 le foot dans le club o\u00f9 je faisais de l\u2019athl\u00e9tisme. Puis j\u2019ai \u00e9t\u00e9 remarqu\u00e9 par Chantilly, le gros club de jeunes de la r\u00e9gion, qui avait une \u00e9quipe en championnat de\u00a0<a class=\"lien-fiche\" href=\"https:\/\/www.sofoot.com\/france.html\">France<\/a>\u00a0cadets \u00e0 l\u2019\u00e9poque.<\/p>\n<p><b class=\"qr_question\">Quelle \u00e9quipe supportiez-vous ?<\/b><br \/>\nJ\u2019aimais bien les\u00a0<i>Gunners<\/i>\u00a0d\u2019<a class=\"lien-fiche\" href=\"https:\/\/www.sofoot.com\/arsenal-fc.html\">Arsenal<\/a>, mais sinon je ne supportais pas un club en particulier. Mais j\u2019ai grandi avec les Verts, donc forc\u00e9ment, ils ont toujours repr\u00e9sent\u00e9 quelque chose de sympathique \u00e0 mes yeux. Je ne supportais pas de club, mais j\u2019aimais beaucoup regarder la Coupe d\u2019Europe, notamment les Verts dans les ann\u00e9es 1970.<\/p>\n<p><b class=\"qr_question\">Vous avez d\u00e9couvert la premi\u00e8re division sur le tard en d\u00e9barquant au\u00a0<a class=\"lien-fiche\" href=\"https:\/\/www.sofoot.com\/racing-club-de-lens.html\">Racing Club de Lens<\/a>\u00a0alors que vous aviez d\u00e9j\u00e0 28 ans. Comment \u00e7a se fait ?<\/b><br \/>\nJe n&rsquo;ai pas fait de centre de formation, donc je n&rsquo;\u00e9tais pas pr\u00e9destin\u00e9 \u00e0 devenir footballeur professionnel. J\u2019ai fait des \u00e9tudes dans l\u2019a\u00e9ronautique avant de travailler \u00e0 Air\u00a0<a class=\"lien-fiche\" href=\"https:\/\/www.sofoot.com\/france.html\">France<\/a>. Quand j&rsquo;\u00e9voluais \u00e0 Creil en D3, on jouait contre\u00a0<a class=\"lien-fiche\" href=\"https:\/\/www.sofoot.com\/amiens-sc.html\">Amiens<\/a>. L\u2019entra\u00eeneur d&rsquo;Amiens avait vu en moi des qualit\u00e9s et quand ils sont mont\u00e9s, j\u2019ai sign\u00e9 l\u00e0-bas. Mais j\u2019avais d\u00e9j\u00e0 22 ans. J\u2019ai surtout fait une carri\u00e8re gr\u00e2ce \u00e0 mes qualit\u00e9s athl\u00e9tiques et mon intelligence de jeu.<\/p>\n<p><b class=\"qr_question\">Quel souvenir gardez-vous de votre arriv\u00e9e \u00e0\u00a0<a class=\"lien-fiche\" href=\"https:\/\/www.sofoot.com\/racing-club-de-lens.html\">Lens<\/a>\u00a0justement ?<\/b><br \/>\nD\u2019abord, pas forc\u00e9ment un grand souvenir, car mon premier match en professionnel s\u2019est sold\u00e9 par une expulsion au bout de douze minutes. Mais derri\u00e8re, c\u2019est six ann\u00e9es exceptionnelles. Des ann\u00e9es magnifiques avec un club extraordinaire, des supporters extraordinaires, des joueurs exceptionnels et une magnifique relation avec les dirigeants.<\/p>\n<h2 class=\"exergue exergue_right\"><span class=\"exergue_content\">\u00ab\u2009On parle toujours de ce triptyque supporters-joueurs-dirigeants qui est la base du club. C\u2019\u00e9tait vraiment \u00e7a le Racing.\u2009\u00bb<\/span><\/h2>\n<p>On parle toujours de ce triptyque supporters-joueurs-dirigeants qui est la base du club. C\u2019\u00e9tait vraiment \u00e7a le Racing, m\u00eame si on savait que les supporters, \u00e0\u00a0<a class=\"lien-fiche\" href=\"https:\/\/www.sofoot.com\/racing-club-de-lens.html\">Lens<\/a>, c\u2019est quand m\u00eame quelque chose de tr\u00e8s sp\u00e9cial.<\/p>\n<p><b class=\"qr_question\">Donc en arrivant, vous saviez que vous arriviez dans une ville o\u00f9 les difficult\u00e9s \u00e9conomiques sont importantes et o\u00f9 les r\u00e9sultats du club sont importants pour les habitants ?<\/b><br \/>\nOui, on le voit rapidement. Et on comprend assez rapidement le r\u00f4le que le football joue dans cette ville et celui des joueurs aupr\u00e8s des supporters et la ville toute enti\u00e8re. On s\u2019en rend compte. Ce qui est magnifique, c\u2019est que c\u2019est toujours \u00e0 double sens. Quand on donne, encore davantage \u00e0 ces supporters-l\u00e0, ils nous le rendent au centuple.<\/p>\n<p><b class=\"qr_question\">Et \u00e0 l\u2019inverse, quand \u00e7a se passe mal sur le terrain, ils vous le rendent aussi&#8230;<\/b><br \/>\nOui, mais j\u2019ai envie de dire que c\u2019est normal. Ils sont pr\u00eats \u00e0 donner \u00e9norm\u00e9ment, mais quand en face les choses ne se passent pas bien, ils critiquent. Mais c\u2019est normal. Pour moi, \u00e7a reste un des publics les plus passionn\u00e9s, pacifiques et tol\u00e9rants de\u00a0<a class=\"lien-fiche\" href=\"https:\/\/www.sofoot.com\/france.html\">France<\/a>. M\u00eame si les choses ont peut-\u00eatre un peu \u00e9volu\u00e9 depuis mon \u00e9poque.<\/p>\n<p><b class=\"qr_question\">Est-ce qu\u2019il y avait la m\u00eame ferveur \u00e0\u00a0<a class=\"lien-fiche\" href=\"https:\/\/www.sofoot.com\/amiens-sc.html\">Amiens<\/a>\u00a0?<\/b><br \/>\nNon, c\u2019\u00e9tait diff\u00e9rent. D\u00e9j\u00e0, il y avait beaucoup moins de supporters. On sent que le football n\u2019avait pas la m\u00eame place \u00e0\u00a0<a class=\"lien-fiche\" href=\"https:\/\/www.sofoot.com\/amiens-sc.html\">Amiens<\/a>\u00a0qu\u2019\u00e0\u00a0<a class=\"lien-fiche\" href=\"https:\/\/www.sofoot.com\/racing-club-de-lens.html\">Lens<\/a>. Au Racing, on ressent le poids de l\u2019histoire et des mines derri\u00e8re le club de Lens.<\/p>\n<div class=\"lien-connexe\"><\/div>\n<p><b class=\"qr_question\">1991. Premier match de D1 pour vous. Carton rouge apr\u00e8s seize minutes de jeu. Comment fait-on fait pour se relever de \u00e7a ?<\/b><br \/>\nC\u2019est gr\u00e2ce \u00e0 l\u2019aide de mes co\u00e9quipiers, comme\u00a0<a class=\"lien-fiche\" href=\"https:\/\/www.sofoot.com\/bernard-lama.html\">Bernard Lama<\/a>\u00a0qui venait d\u2019arriver et qui \u00e9tait un ami. Mais gr\u00e2ce aussi \u00e0 tous les autres joueurs qui ne m\u2019en ont pas tenu rigueur. Apr\u00e8s, j\u2019ai aussi fait ce qu\u2019il fallait le match qui a suivi, quand on est all\u00e9 gagner \u00e0\u00a0<a class=\"lien-fiche\" href=\"https:\/\/www.sofoot.com\/nimes-olympique.html\">N\u00eemes<\/a>\u00a0et o\u00f9 j\u2019avais dans mon couloir un joueur qui s\u2019appelait \u00c9ric Cantona. On est all\u00e9 gagner l\u00e0-bas, j\u2019ai fait une passe d\u00e9cisive sur le premier but avant le ciseau retourn\u00e9 de Jules Bocand\u00e9 qui avait \u00e9t\u00e9 un des buts de l\u2019ann\u00e9e. Apr\u00e8s \u00e7a, je n\u2019ai plus quitt\u00e9 le onze de l\u2019ann\u00e9e<\/p>\n<p><b class=\"qr_question\">Comment en \u00eates-vous arriv\u00e9 \u00e0 jouer quasiment six saisons comme lat\u00e9ral gauche alors que vous \u00e9tiez droitier ?<\/b><br \/>\nJ\u2019avais fait un match de pr\u00e9paration contre Lille dans l\u2019axe avec Jean-Guy Wallemme, j\u2019avais \u00e9t\u00e9 moyennement concluant. L\u2019entra\u00eeneur de l\u2019\u00e9poque, Arnaud de Santos voulait faire monter Pierre Laigle au milieu de terrain.<\/p>\n<h2 class=\"exergue exergue_left\"><span class=\"exergue_content\">\u00ab\u2009Je n\u2019avais jamais jou\u00e9 lat\u00e9ral gauche.\u2009\u00bb<\/span><\/h2>\n<p>Je n\u2019avais jamais jou\u00e9 lat\u00e9ral gauche, mais il m\u2019a dit : \u00ab\u2009On va essayer\u2009\u00bb . J\u2019ai jou\u00e9 contre\u00a0<a class=\"lien-fiche\" href=\"https:\/\/www.sofoot.com\/aj-auxerroise.html\">Auxerre<\/a>\u00a0une semaine avant le d\u00e9but du championnat, et l\u2019ailier droit bourguignon, c&rsquo;\u00e9tait Christophe Cocard, international fran\u00e7ais. J\u2019ai dit au coach : \u00ab\u2009<i>S&rsquo;il faut que je d\u00e9montre mes qualit\u00e9s et ma capacit\u00e9 \u00e0 jouer en premi\u00e8re division, allons-y.\u00a0<\/i>\u2009\u00bb J\u2019ai fait un super match, alors que quand on parle de mon pied gauche, tous les Lensois rigolent. Mais bon, j\u2019ai r\u00e9ussi \u00e0 faire une carri\u00e8re avec quelques passes d\u00e9cisives\u00a0<a href=\"https:\/\/www.sofoot.com\/jimmy-adjovi-boco-basile-boli-voulait-me-decouper-198731.html\">dont celle contre Marseille qui reste dans les m\u00e9moires.<\/a><\/p>\n<div><\/div>\n<p><b class=\"qr_question\">Quand on voit ce but, on a l\u2019impression de voir le d\u00e9bordement d\u2019un vrai lat\u00e9ral gauche moderne qui se projette vers l\u2019avant avec aisance.\u00a0<\/b><br \/>\nJe le faisais souvent. J\u2019avais cette capacit\u00e9 \u00e0 aller vers l\u2019avant, car j\u2019avais un gros volume de jeu et j\u2019adorais prendre l\u2019espace. La seule chose, c\u2019est que je revenais souvent sur mon pied droit.<\/p>\n<p><b class=\"qr_question\">Mais apr\u00e8s six saisons, vous \u00e9tiez presque gaucher, non ?\u00a0<\/b><br \/>\nDisons que j\u2019\u00e9tais moins mauvais du pied gauche qu\u2019en arrivant.\u00a0<i>(Rires.)<\/i><\/p>\n<p><b class=\"qr_question\">Vous quittez\u00a0<a class=\"lien-fiche\" href=\"https:\/\/www.sofoot.com\/racing-club-de-lens.html\">Lens<\/a>\u00a0la saison qui pr\u00e9c\u00e8de le titre de champion de\u00a0<a class=\"lien-fiche\" href=\"https:\/\/www.sofoot.com\/france.html\">France<\/a>. Si on vous l\u2019avait dit avant votre d\u00e9part, vous l&rsquo;auriez cru ?\u00a0<\/b><br \/>\nNon. On avait v\u00e9cu une saison extr\u00eamement difficile.\u00a0<a class=\"lien-fiche\" href=\"https:\/\/www.sofoot.com\/daniel-leclercq.html\">Daniel Leclercq<\/a>\u00a0et\u00a0<a class=\"lien-fiche\" href=\"https:\/\/www.sofoot.com\/roger-lemerre.html\">Roger Lemerre<\/a>\u00a0avaient pris l\u2019\u00e9quipe en d\u00e9cembre ou en janvier, et on s\u2019\u00e9tait sauv\u00e9 de justesse. Quand tu te sauves de peu, t&rsquo;imagines difficilement \u00eatre champion l\u2019ann\u00e9e qui suit. Mais le recrutement \u00e9tait excellent, et Daniel a r\u00e9ussi \u00e0 cr\u00e9er une \u00e9quipe extraordinaire.<\/p>\n<p><b class=\"qr_question\">\u00c7a reste un regret pour vous ?<\/b><br \/>\nNon, j\u2019\u00e9tais heureux comme tout. Bien s\u00fbr que j\u2019aurais pr\u00e9f\u00e9r\u00e9 \u00eatre dans l\u2019\u00e9quipe, mais j\u2019\u00e9tais heureux pour le club, heureux pour mes potes, pour Daniel et pour le club. Tr\u00e8s franchement, m\u00eame si je n\u2019\u00e9tais pas sur le papier, j\u2019ai fait partie de ce titre quelque part. On a, pendant six ans, construit les conditions pour que le club remporte ce titre. J\u2019ai fait partie des chevilles ouvri\u00e8res. Je ne suis pas champion sur le papier, mais j\u2019ai travaill\u00e9 \u00e0 la pr\u00e9paration de ce titre.<\/p>\n<p><b class=\"qr_question\">Vous avez c\u00f4toy\u00e9\u00a0<a class=\"lien-fiche\" href=\"https:\/\/www.sofoot.com\/gervais-martel.html\">Gervais Martel<\/a>\u00a0tout au long de votre passage \u00e0\u00a0<a class=\"lien-fiche\" href=\"https:\/\/www.sofoot.com\/racing-club-de-lens.html\">Lens<\/a>. Quel type de pr\u00e9sident \u00e9tait-il ?\u00a0<\/b><br \/>\nC\u2019\u00e9tait un super pr\u00e9sident, un passionn\u00e9. J\u2019avais d\u2019excellentes relations avec lui comme tous les joueurs qui l\u2019ont connu. J\u2019ai eu des moments o\u00f9 on n&rsquo;\u00e9tait pas d\u2019accord sur tout, mais c\u2019est le propre d\u2019un joueur et d\u2019un dirigeant. J\u2019ai toujours eu un profond respect pour ce qu\u2019il est en tant qu\u2019homme, et ce qu\u2019il \u00e9tait en tant que pr\u00e9sident. Apr\u00e8s mon d\u00e9part, on est toujours rest\u00e9 en relation. On s\u2019\u00e9change de temps en temps des SMS. Quand on a v\u00e9cu six ans comme ceux-l\u00e0 et qu\u2019on est proche de quelqu\u2019un, \u00e7a ne s\u2019oublie pas. Puis il y a d\u2019autres personnes qui ont extr\u00eamement compt\u00e9, comme Serge Dor\u00e9\u00a0<i>(ancien directeur g\u00e9n\u00e9ral)<\/i>\u00a0avec qui je suis toujours en \u00e9troite relation.<\/p>\n<p><b class=\"qr_question\">\u00c0 l\u2019\u00e9poque, vous affrontiez r\u00e9guli\u00e8rement le\u00a0<a class=\"lien-fiche\" href=\"https:\/\/www.sofoot.com\/losc-lille.html\">LOSC<\/a>\u00a0en D1, parfois m\u00eame<a class=\"lien-fiche\" href=\"https:\/\/www.sofoot.com\/valenciennes-fc.html\">Valenciennes<\/a>. Quels souvenirs vous gardez de ces derbys ?<\/b><br \/>\nLes matchs contre le\u00a0<a class=\"lien-fiche\" href=\"https:\/\/www.sofoot.com\/losc-lille.html\">LOSC<\/a>\u00a0\u00e9taient des matchs plus tendus que les matchs contre\u00a0<a class=\"lien-fiche\" href=\"https:\/\/www.sofoot.com\/valenciennes-fc.html\">Valenciennes<\/a>. Je dirais que Valenciennes \u00e9tait un peu \u00e0 l\u2019image du RC\u00a0<a class=\"lien-fiche\" href=\"https:\/\/www.sofoot.com\/racing-club-de-lens.html\">Lens<\/a>, et on avait une rivalit\u00e9 beaucoup plus acerbe avec\u00a0<a class=\"lien-fiche\" href=\"https:\/\/www.sofoot.com\/losc-lille.html\">Lille<\/a>.<\/p>\n<p><b class=\"qr_question\">Si on r\u00e9sume rapidement,\u00a0<a class=\"lien-fiche\" href=\"https:\/\/www.sofoot.com\/valenciennes-fc.html\">Valenciennes<\/a>\u00a0et\u00a0<a class=\"lien-fiche\" href=\"https:\/\/www.sofoot.com\/racing-club-de-lens.html\">Lens<\/a>, c\u2019est le combat des villes populaires contre la grande m\u00e9tropole\u00a0<a class=\"lien-fiche\" href=\"https:\/\/www.sofoot.com\/losc-lille.html\">Lille<\/a>\u00a0?\u00a0<\/b><\/p>\n<p>C\u2019est \u00e7a. Mais j\u2019ai toujours appr\u00e9ci\u00e9 ce genre de rencontres et ce genre de rivalit\u00e9s. Je regrettais seulement quand \u00e7a allait trop loin. \u00c7a n&rsquo;allait jamais trop loin sur le terrain parce qu\u2019on se connaissait, mais les matchs \u00e9taient \u00e2pres et engag\u00e9s au-del\u00e0 de la limite. Dans l\u2019\u00e9quipe,<\/p>\n<h2 class=\"exergue exergue_right\"><span class=\"exergue_content\">\u00ab\u2009On avait des joueurs comme Sikora, Laigle ou Wallemme, des Lensois de souche.\u2009\u00bb<\/span><\/h2>\n<p>on avait des joueurs comme Sikora, Laigle ou Wallemme, des Lensois de souche pour qui le derby contre\u00a0<a class=\"lien-fiche\" href=\"https:\/\/www.sofoot.com\/losc-lille.html\">Lille<\/a>\u00a0\u00e9tait le match de l\u2019ann\u00e9e. Ce n\u2019\u00e9tait pas du tout pareil contre\u00a0<a class=\"lien-fiche\" href=\"https:\/\/www.sofoot.com\/valenciennes-fc.html\">Valenciennes<\/a>. Je dirais que Valenciennes c\u2019\u00e9tait le petit fr\u00e8re. Sans que ce soit p\u00e9joratif.<\/p>\n<p><b class=\"qr_question\">Vous avez jou\u00e9 avec une pl\u00e9iade de joueurs de qualit\u00e9 et de caract\u00e8re : Warmuz, Gillot, Vairelles, Laigle, Meyrieu, Sikora. Lequel vous a le plus impressionn\u00e9 ?<\/b><br \/>\nJe dirai Pierre Laigle, Fr\u00e9d\u00e9ric Meyrieu et \u00c9ric Sikora. En mati\u00e8re de personnalit\u00e9\u00a0<a class=\"lien-fiche\" href=\"https:\/\/www.sofoot.com\/fred.html\">Fred<\/a>\u00a0Meyrieu, qui \u00e9tait un de mes meilleurs amis, et certainement un des pires caract\u00e8res qu\u2019on pouvait trouver. Mais c\u2019\u00e9tait le d\u00e9faut de ses qualit\u00e9s. Il avait horreur de perdre, mais quel joueur exceptionnel. En lat\u00e9ral que je suis, j\u2019ai toujours \u00e9t\u00e9 en admiration devant Sikora. C\u2019est un joueur qui aurait pu jouer num\u00e9ro 10, il n&rsquo;a pas fait la carri\u00e8re qu\u2019il aurait d\u00fb, il avait tellement de talent. Je regrette qu\u2019on ne lui ait pas vraiment laiss\u00e9 le temps de montrer ses capacit\u00e9s et ses qualit\u00e9s d\u2019entra\u00eeneur au Racing.<\/p>\n<p><b class=\"qr_question\">Sikora n\u2019\u00e9tait pas le seul. Plusieurs joueurs de l\u2019\u00e9poque n\u2019ont pas eu la carri\u00e8re qu\u2019ils m\u00e9ritaient. Comme Pierre Laigle ou Tony Vairelles, deux joueurs pressentis pour jouer la Coupe du monde 98 et qui n\u2019y sont finalement pas all\u00e9s&#8230;<\/b><br \/>\nJe suis d\u2019accord. Pour Tony, je lui avais dit \u00e0 l&rsquo;\u00e9poque que d&rsquo;apr\u00e8s moi,\u00a0<a class=\"lien-fiche\" href=\"https:\/\/www.sofoot.com\/olympique-lyonnais.html\">Lyon<\/a>\u00a0n\u2019\u00e9tait pas un choix judicieux quand il a quitt\u00e9\u00a0<a class=\"lien-fiche\" href=\"https:\/\/www.sofoot.com\/racing-club-de-lens.html\">Lens<\/a>. Je suis s\u00fbr que dans un club anglais, il aurait \u00e9t\u00e9 un des plus grands attaquants du championnat. L\u00e0-bas, on aime ce type de joueurs qui mouillent le maillot, marquent et partagent. Je pense qu\u2019\u00e0\u00a0<a class=\"lien-fiche\" href=\"https:\/\/www.sofoot.com\/olympique-lyonnais.html\">Lyon<\/a>, on aime un autre type de joueurs.<\/p>\n<p><b class=\"qr_question\">\u00c0 l&rsquo;heure actuelle, la remont\u00e9e en L1 semble s&rsquo;\u00e9loigner pour\u00a0<a class=\"lien-fiche\" href=\"https:\/\/www.sofoot.com\/racing-club-de-lens.html\">Lens<\/a>, et les supporters se plaignent et s\u2019impatientent. Comment analysez-vous la situation actuelle du club ?\u00a0<\/b><br \/>\nOn sent une frustration latente, et elle s\u2019exprime dans les tribunes. Je les comprends, ils savent que le club m\u00e9rite d\u2019\u00eatre en Ligue 1, et il n\u2019y est pas. Ceux qui en sont les premiers acteurs, ce sont les joueurs. M\u00eame s&rsquo;ils ne sont pas forc\u00e9ment tous responsables de la situation actuelle du club, ce sont eux qui jouent, donc c\u2019est vers eux que s\u2019exprime la frustration de tous les supporters. Il faut bien avouer que depuis plusieurs ann\u00e9es, le club, en dehors du terrain, vit aussi des moments compliqu\u00e9s.<\/p>\n<h2 class=\"exergue exergue_right\"><span class=\"exergue_content\">\u00ab\u2009Il faut avoir un regard froid sur la situation, et on peut dire qu\u2019elle est compliqu\u00e9e.\u2009\u00bb<\/span><\/h2>\n<p>Il faut avoir un regard froid sur la situation, et on peut dire qu\u2019elle est compliqu\u00e9e. Car le club devrait \u00eatre en L1.<\/p>\n<p><b class=\"qr_question\">D\u2019autant plus que beaucoup de passionn\u00e9s de football attendent le retour du club \u00e0 l\u2019\u00e9chelon sup\u00e9rieur, ne serait-ce que pour la ferveur de Bollaert.<\/b><br \/>\nQuand on voit les affluences \u00e0 Bollaert, elles n\u2019ont quasiment rien \u00e0 envier \u00e0 la quasi-totalit\u00e9 des affluences de premi\u00e8re division \u00e0 part Paris,\u00a0<a class=\"lien-fiche\" href=\"https:\/\/www.sofoot.com\/olympique-de-marseille.html\">Marseille<\/a>,\u00a0<a class=\"lien-fiche\" href=\"https:\/\/www.sofoot.com\/olympique-lyonnais.html\">Lyon<\/a>, Saint-\u00c9tienne,\u00a0<a class=\"lien-fiche\" href=\"https:\/\/www.sofoot.com\/racing-club-de-strasbourg-alsace.html\">Strasbourg<\/a>. On doit sans doute \u00eatre dans le top 5. Au-del\u00e0 de \u00e7a, il y a l\u2019affluence, mais il y a aussi l\u2019ambiance qui r\u00e8gne dans le stade. C\u2019est un stade, un club, et des supporters de Ligue 1. Le seul probl\u00e8me, c\u2019est que pour l\u2019instant, sur le terrain, on n\u2019y est pas.<\/p>\n<p><b class=\"qr_question\">Apr\u00e8s votre retraite, avez-vous particip\u00e9 \u00e0 la vie du club comme d\u2019autres anciens du Racing ?<\/b><br \/>\nNon, pas \u00e0 la vie du club. \u00c0 la fin de ma carri\u00e8re, j\u2019ai mis en place Diambars et je me suis consacr\u00e9 essentiellement au d\u00e9veloppement de cette structure. Mais quand on a pass\u00e9 six ann\u00e9es comme celles-ci, on fait partie de la famille. Je suis encore tr\u00e8s proche des joueurs qui sont autour du club.<\/p>\n<p><b class=\"qr_question\">Quel \u00e9tait le but initial du projet Diambars que vous avez cr\u00e9\u00e9 avec\u00a0<a class=\"lien-fiche\" href=\"https:\/\/www.sofoot.com\/patrick-vieira.html\">Patrick Vieira<\/a>\u00a0et\u00a0<a class=\"lien-fiche\" href=\"https:\/\/www.sofoot.com\/bernard-lama.html\">Bernard Lama<\/a>\u00a0?<\/b><br \/>\nL&rsquo;objectif, c&rsquo;\u00e9tait de cr\u00e9er une structure aux jeunes en Afrique. Une structure qui leur permette d&rsquo;avoir la m\u00eame qualit\u00e9 de formation qu&rsquo;on trouverait en Europe. C&rsquo;est une r\u00e9ussite puisqu&rsquo;on a une vingtaine de joueurs qui \u00e9voluent dans diff\u00e9rents championnats europ\u00e9ens, dont\u00a0<a class=\"lien-fiche\" href=\"https:\/\/www.sofoot.com\/idrissa-gueye.html\">Idrissa Gueye<\/a>\u00a0ou le petit Lebo Mothiba. On a aussi des r\u00e9ussites extra-sportives comme un jeune talib\u00e9* s\u00e9n\u00e9galais qui ne savait ni lire ni \u00e9crire, et qui est aujourd&rsquo;hui dans une \u00e9cole d&rsquo;ing\u00e9nieur informatique \u00e0\u00a0<a class=\"lien-fiche\" href=\"https:\/\/www.sofoot.com\/losc-lille.html\">Lille<\/a>. Notre but, c&rsquo;est que le foot passion soit moteur d&rsquo;\u00e9ducation et d&rsquo;instruction.<\/p>\n<p><b class=\"qr_question\">Vous avez aussi cr\u00e9\u00e9 un garage participatif \u00e0 Compi\u00e8gne avec votre fr\u00e8re. Vous \u00e9tiez un f\u00e9ru d&rsquo;automobile pendant votre carri\u00e8re ?\u00a0<\/b><br \/>\nPas vraiment, mais on a trouv\u00e9 que l&rsquo;automobile avait la m\u00eame possibilit\u00e9 que le foot. Comme le foot, le garage est un outil de mixit\u00e9 sociale. Le samedi apr\u00e8s-midi, on a des jeunes des quartiers comme des gens qui ont des v\u00e9hicules de collection. Ils se retrouvent \u00e0 s&rsquo;entraider pour r\u00e9parer une voiture, alors que ce sont des rencontres improbables.<\/p>\n<p><b class=\"qr_question\">Ces projets sociaux et solidaires sont un h\u00e9ritage de vos six ann\u00e9es pass\u00e9es \u00e0\u00a0<a class=\"lien-fiche\" href=\"https:\/\/www.sofoot.com\/racing-club-de-lens.html\">Lens<\/a>\u00a0?<\/b><br \/>\nJe ne dirais pas \u00e7a. \u00c7a me vient surtout de ma m\u00e8re qui \u00e9tait assistante sociale. En revanche, si je me suis aussi bien retrouv\u00e9 \u00e0\u00a0<a class=\"lien-fiche\" href=\"https:\/\/www.sofoot.com\/racing-club-de-lens.html\">Lens<\/a>, c&rsquo;est justement parce que j&rsquo;ai trouv\u00e9 l\u00e0-bas les valeurs que mes parents m&rsquo;avaient inculqu\u00e9es. J&rsquo;\u00e9tais vraiment en symbiose avec les gens du Nord. On parle tout le temps de l&rsquo;h\u00e9ritage des mines, mais c&rsquo;est vraiment \u00e7a. Les gens nous disent tout le temps que, quand tu descendais \u00e0 la mine, tu avais une \u00e9quipe et on n&rsquo;en laissait jamais un. Ce sont des valeurs dont on a vraiment besoin dans la soci\u00e9t\u00e9.<\/p>\n<p><strong>Source : Sofoot<\/strong><\/p>\n","protected":false},"excerpt":{"rendered":"<p>Droitier repositionn\u00e9 lat\u00e9ral gauche \u00e0 son arriv\u00e9e dans le Nord-Pas-de-Calais, Jimmy Adjovi-Boco \u00e9tait sang et or lors du retour en 1992 de Lens parmi l&rsquo;\u00e9lite du football fran\u00e7ais. Apr\u00e8s six saisons aux c\u00f4t\u00e9s de Lama, Wallemme, Sikora, Meyrieu, Laigle ou Vairelles, l&rsquo;ancien international b\u00e9ninois est rest\u00e9 tr\u00e8s attach\u00e9 \u00e0 la famille lensoise. Alors que Bollaert [&hellip;]<\/p>\n","protected":false},"author":4,"featured_media":20639,"comment_status":"open","ping_status":"open","sticky":true,"template":"","format":"standard","meta":{"footnotes":""},"categories":[57],"tags":[1581],"class_list":["post-21152","post","type-post","status-publish","format-standard","has-post-thumbnail","category-flash","tag-jean-marc-adjovi-boco"],"_links":{"self":[{"href":"https:\/\/bjfoot.com\/index.php?rest_route=\/wp\/v2\/posts\/21152","targetHints":{"allow":["GET"]}}],"collection":[{"href":"https:\/\/bjfoot.com\/index.php?rest_route=\/wp\/v2\/posts"}],"about":[{"href":"https:\/\/bjfoot.com\/index.php?rest_route=\/wp\/v2\/types\/post"}],"author":[{"embeddable":true,"href":"https:\/\/bjfoot.com\/index.php?rest_route=\/wp\/v2\/users\/4"}],"replies":[{"embeddable":true,"href":"https:\/\/bjfoot.com\/index.php?rest_route=%2Fwp%2Fv2%2Fcomments&post=21152"}],"version-history":[{"count":2,"href":"https:\/\/bjfoot.com\/index.php?rest_route=\/wp\/v2\/posts\/21152\/revisions"}],"predecessor-version":[{"id":21154,"href":"https:\/\/bjfoot.com\/index.php?rest_route=\/wp\/v2\/posts\/21152\/revisions\/21154"}],"wp:featuredmedia":[{"embeddable":true,"href":"https:\/\/bjfoot.com\/index.php?rest_route=\/wp\/v2\/media\/20639"}],"wp:attachment":[{"href":"https:\/\/bjfoot.com\/index.php?rest_route=%2Fwp%2Fv2%2Fmedia&parent=21152"}],"wp:term":[{"taxonomy":"category","embeddable":true,"href":"https:\/\/bjfoot.com\/index.php?rest_route=%2Fwp%2Fv2%2Fcategories&post=21152"},{"taxonomy":"post_tag","embeddable":true,"href":"https:\/\/bjfoot.com\/index.php?rest_route=%2Fwp%2Fv2%2Ftags&post=21152"}],"curies":[{"name":"wp","href":"https:\/\/api.w.org\/{rel}","templated":true}]}}