{"id":19931,"date":"2018-09-04T12:15:11","date_gmt":"2018-09-04T11:15:11","guid":{"rendered":"http:\/\/bjfoot.com\/?p=19931"},"modified":"2018-09-10T15:40:29","modified_gmt":"2018-09-10T14:40:29","slug":"selection-u17-disqualifiee-le-president-de-chacus-fera-t-il-la-peau-a-ses-parrains","status":"publish","type":"post","link":"https:\/\/bjfoot.com\/?p=19931","title":{"rendered":"S\u00e9lection U17 disqualifi\u00e9e :  Le Pr\u00e9sident De Chacus fera-t-il la peau \u00e0 ses \u00ab\u00a0Parrains \u00bb?"},"content":{"rendered":"<p><em><strong>La honte internationale avec 10 joueurs sur 18 vir\u00e9s par la Caf dans le cadre du Tournoi Ufoa B des U17. Quand<\/strong><\/em><strong> l<\/strong><strong>\u2019expert<\/strong><em><strong> de la Caf \u00e9voque le Stade VI de la Fifa en mati\u00e8re d\u2019Irm, ceci veut dire que les joueurs concern\u00e9s ont trich\u00e9 de plus de 6 ans sur la cat\u00e9gorie indiqu\u00e9e.<\/strong><\/em><\/p>\n<p>&nbsp;<\/p>\n<p>Six ans, c\u2019est d\u00e9j\u00e0 une belle marge offerte par l\u2019instance internationale. Mais pour le B\u00e9nin, ce n\u2019est pas suffisant. Au moment o\u00f9 les arrestations ont \u00e9t\u00e9 lanc\u00e9es par le Procureur de la R\u00e9publique, nous allons nous attarder sur la posture tr\u00e8s inconfortable du nouveau Pr\u00e9sident de la Fbf. Quand la crise de d\u00e9cembre 2010 est intervenue dans le football, Moucharafou Anjorin s\u2019en est remis \u00e0 ses \u00ab\u00a0fr\u00e8res\u00a0\u00bb de Porto-Novo et r\u00e9gion pour int\u00e9grer les postes vacants de la Fbf en \u00e9tant des membres coopt\u00e9s. Mathurin De Chacus aujourd\u2019hui pr\u00e9sident de la Fbf a profit\u00e9 de cette occasion pour se hisser au Comit\u00e9 ex\u00e9cutif. Il est redevable \u00e0 Moucharafou Anjorin et aux fr\u00e8res Bruno et Quentin Didavi. Aujourd\u2019hui devenu pr\u00e9sident, cet \u00e9v\u00e9nement impr\u00e9vu le met face \u00e0 ses anciens \u00ab\u00a0Parrains\u00a0\u00bb qui l\u2019ont introduit peu \u00e0 peu dans les arcanes du football. Que fera-t-il alors qu\u2019il doit encore apprendre \u00e0 diriger une F\u00e9d\u00e9ration, 10 jours apr\u00e8s son \u00e9lection\u00a0? Il va lui falloir \u00ab\u00a0grandir\u00a0\u00bb tr\u00e8s vite pour montrer qu\u2019il a tourn\u00e9 une des pages les plus sombres de notre football. De son courage \u00e0 le faire d\u00e9pendra sa r\u00e9ussite, s\u2019il ne veut pas entrer dans l\u2019histoire \u00e0 reculons.<\/p>\n<p>&nbsp;<\/p>\n<p><strong>Le s\u00e9lectionneur Yessoufou Lafiou prot\u00e9g\u00e9 de Oussou Saka, Vice-Pr\u00e9sident de la FBF<\/strong><\/p>\n<p>Au moins deux fois nomm\u00e9 \u00e0 la t\u00eate de la s\u00e9lection nationale, le s\u00e9lectionneur national des U17 Lafiou a d\u00e9sormais une image ternie. Prot\u00e9g\u00e9 de Oussou Saka, Propri\u00e9taire de Asos et Vice-Pr\u00e9sident de la Fbf, Yessoufou Lafiou a-t-il suffisamment pris les garanties pour que les joueurs trop \u00e2g\u00e9s ne soient pas dans l\u2019\u00e9quipe\u00a0? Coach historique de l\u2019Asos dont deux joueurs sont incrimin\u00e9s, il sait pertinemment que ses derniers sont hors course pour les avoir entra\u00een\u00e9s depuis quelques ann\u00e9es. Un coach sait ce genre de choses, surtout quand le coach est sens\u00e9 \u00eatre un sp\u00e9cialiste du sport qui a des notions de biologie et surtout de physiologie. S\u2019il confond un jeune de 15 ou 16 ans avec un adulte de 22 ans ou plus, c\u2019est que le probl\u00e8me est plus profond qu\u2019on ne le pense. Il n\u2019est qu\u2019un pion de syst\u00e8me, mais un pion important.<\/p>\n<p>&nbsp;<\/p>\n<p><strong>Le B\u00e9nin, un pays r\u00e9cidiviste\u00a0: Les U17 disqualifi\u00e9s en 2014<\/strong><\/p>\n<p>Le B\u00e9nin n\u2019est pas \u00e0 son premier coup foireux dans les comp\u00e9titions de jeunes. Les b\u00e9ninois ont d\u00e9j\u00e0 \u00e9t\u00e9 suspendus de toutes comp\u00e9titions de jeunes (U17, U20, U23) en 2014 apr\u00e8s avoir align\u00e9 4 joueurs n\u00e9s en 1997 chez les U17 face au Mali lors des \u00e9liminatoires de la Can U17. Le B\u00e9nin n\u2019a pas fait appel, ayant reconnu des probl\u00e8mes administratifs. La sanction de 2 ans a \u00e9t\u00e9 lev\u00e9e pour permettre au pays de revenir d\u00e8s les qualifications de 2016. Mais aussit\u00f4t r\u00e9int\u00e9gr\u00e9, il y a un couac !<\/p>\n<p>Les U20 en 2016<strong>. <\/strong>Pour les qualifications de la Can Zambie 2017, les U20 du B\u00e9nin ont \u00e9t\u00e9 suspendus le 10 mai 2016 par la Fifa en raison d\u2019\u00e9lections non-tenues. C\u2019est donc rarement l\u2019\u00e9quipe nationale A, (la vache \u00e0 lait) qui est suspendue. Seules les cat\u00e9gories de jeunes subissent des suspensions r\u00e9p\u00e9t\u00e9es. Oui, oui. Tout le monde ne souffre pas d\u2019amn\u00e9sie. Ceux qui font semblant aujourd\u2019hui, savent \u00e0 quel point depuis de longues ann\u00e9es, ce football-l\u00e0 est pourri de partout avec la complicit\u00e9 de tous les ministres des sports qui se succ\u00e8dent. Cette fois-ci, l\u2019Etat semble voir r\u00e9gler le \u00ab\u00a0Probl\u00e8me Fbf\u00a0\u00bb.<\/p>\n<p>Bjfoot.com<\/p>\n","protected":false},"excerpt":{"rendered":"<p>La honte internationale avec 10 joueurs sur 18 vir\u00e9s par la Caf dans le cadre du Tournoi Ufoa B des U17. Quand l\u2019expert de la Caf \u00e9voque le Stade VI de la Fifa en mati\u00e8re d\u2019Irm, ceci veut dire que les joueurs concern\u00e9s ont trich\u00e9 de plus de 6 ans sur la cat\u00e9gorie indiqu\u00e9e. &nbsp; [&hellip;]<\/p>\n","protected":false},"author":4,"featured_media":19883,"comment_status":"open","ping_status":"open","sticky":false,"template":"","format":"standard","meta":{"footnotes":""},"categories":[899],"tags":[206],"class_list":["post-19931","post","type-post","status-publish","format-standard","has-post-thumbnail","category-fbf-2","tag-mathurin-de-chacus"],"_links":{"self":[{"href":"https:\/\/bjfoot.com\/index.php?rest_route=\/wp\/v2\/posts\/19931","targetHints":{"allow":["GET"]}}],"collection":[{"href":"https:\/\/bjfoot.com\/index.php?rest_route=\/wp\/v2\/posts"}],"about":[{"href":"https:\/\/bjfoot.com\/index.php?rest_route=\/wp\/v2\/types\/post"}],"author":[{"embeddable":true,"href":"https:\/\/bjfoot.com\/index.php?rest_route=\/wp\/v2\/users\/4"}],"replies":[{"embeddable":true,"href":"https:\/\/bjfoot.com\/index.php?rest_route=%2Fwp%2Fv2%2Fcomments&post=19931"}],"version-history":[{"count":1,"href":"https:\/\/bjfoot.com\/index.php?rest_route=\/wp\/v2\/posts\/19931\/revisions"}],"predecessor-version":[{"id":19932,"href":"https:\/\/bjfoot.com\/index.php?rest_route=\/wp\/v2\/posts\/19931\/revisions\/19932"}],"wp:featuredmedia":[{"embeddable":true,"href":"https:\/\/bjfoot.com\/index.php?rest_route=\/wp\/v2\/media\/19883"}],"wp:attachment":[{"href":"https:\/\/bjfoot.com\/index.php?rest_route=%2Fwp%2Fv2%2Fmedia&parent=19931"}],"wp:term":[{"taxonomy":"category","embeddable":true,"href":"https:\/\/bjfoot.com\/index.php?rest_route=%2Fwp%2Fv2%2Fcategories&post=19931"},{"taxonomy":"post_tag","embeddable":true,"href":"https:\/\/bjfoot.com\/index.php?rest_route=%2Fwp%2Fv2%2Ftags&post=19931"}],"curies":[{"name":"wp","href":"https:\/\/api.w.org\/{rel}","templated":true}]}}