{"id":19452,"date":"2018-05-30T20:47:15","date_gmt":"2018-05-30T19:47:15","guid":{"rendered":"http:\/\/bjfoot.com\/?p=19452"},"modified":"2018-05-30T20:49:20","modified_gmt":"2018-05-30T19:49:20","slug":"cote-divoire-relegue-en-deuxieme-division-le-sewe-sports-va-perdre-danvide","status":"publish","type":"post","link":"https:\/\/bjfoot.com\/?p=19452","title":{"rendered":"C\u00f4te d&rsquo;ivoire : rel\u00e9gu\u00e9 en deuxi\u00e8me division, le S\u00e9w\u00e9 Sports va perdre Danvid\u00e9"},"content":{"rendered":"<p>Appolinaire Danvid\u00e9 (22 ans)\u00a0 aura connu une premi\u00e8re saison dramatique au S\u00e9w\u00e9 Sports de San P\u00e9dro , battu par le champion Asec le dimanche dernier 2-1 , le club est officiellement rel\u00e9gu\u00e9 en deuxi\u00e8me division la saison prochaine. Lanterne rouge avec 20 points \u00e0 une journ\u00e9e de la fin de la saison, les S\u00e9w\u00e9k\u00e9s ne peuvent plus rattraper la SOA premier non rel\u00e9gable et ses 24 points.<\/p>\n<p>Un triste nouvelle pour le club triple champion de C\u00f4te d&rsquo;ivoire (2012, 2013 et 2014) et finaliste de la Coupe Caf 2014.<\/p>\n<p>Le d\u00e9fenseur international b\u00e9ninois va quitter le club en grande difficult\u00e9 en interne , salaires impay\u00e9s notamment ,\u00a0 \u00e0 l&rsquo;issue de la saison .<\/p>\n<p><strong>G\u00e9raud Viwami\u00a0<\/strong><\/p>\n","protected":false},"excerpt":{"rendered":"<p>Appolinaire Danvid\u00e9 (22 ans)\u00a0 aura connu une premi\u00e8re saison dramatique au S\u00e9w\u00e9 Sports de San P\u00e9dro , battu par le champion Asec le dimanche dernier 2-1 , le club est officiellement rel\u00e9gu\u00e9 en deuxi\u00e8me division la saison prochaine. Lanterne rouge avec 20 points \u00e0 une journ\u00e9e de la fin de la saison, les S\u00e9w\u00e9k\u00e9s ne [&hellip;]<\/p>\n","protected":false},"author":4,"featured_media":18009,"comment_status":"open","ping_status":"open","sticky":false,"template":"","format":"standard","meta":{"footnotes":""},"categories":[57],"tags":[1218],"class_list":["post-19452","post","type-post","status-publish","format-standard","has-post-thumbnail","category-flash","tag-appolinaire-danvide"],"_links":{"self":[{"href":"https:\/\/bjfoot.com\/index.php?rest_route=\/wp\/v2\/posts\/19452","targetHints":{"allow":["GET"]}}],"collection":[{"href":"https:\/\/bjfoot.com\/index.php?rest_route=\/wp\/v2\/posts"}],"about":[{"href":"https:\/\/bjfoot.com\/index.php?rest_route=\/wp\/v2\/types\/post"}],"author":[{"embeddable":true,"href":"https:\/\/bjfoot.com\/index.php?rest_route=\/wp\/v2\/users\/4"}],"replies":[{"embeddable":true,"href":"https:\/\/bjfoot.com\/index.php?rest_route=%2Fwp%2Fv2%2Fcomments&post=19452"}],"version-history":[{"count":3,"href":"https:\/\/bjfoot.com\/index.php?rest_route=\/wp\/v2\/posts\/19452\/revisions"}],"predecessor-version":[{"id":19455,"href":"https:\/\/bjfoot.com\/index.php?rest_route=\/wp\/v2\/posts\/19452\/revisions\/19455"}],"wp:featuredmedia":[{"embeddable":true,"href":"https:\/\/bjfoot.com\/index.php?rest_route=\/wp\/v2\/media\/18009"}],"wp:attachment":[{"href":"https:\/\/bjfoot.com\/index.php?rest_route=%2Fwp%2Fv2%2Fmedia&parent=19452"}],"wp:term":[{"taxonomy":"category","embeddable":true,"href":"https:\/\/bjfoot.com\/index.php?rest_route=%2Fwp%2Fv2%2Fcategories&post=19452"},{"taxonomy":"post_tag","embeddable":true,"href":"https:\/\/bjfoot.com\/index.php?rest_route=%2Fwp%2Fv2%2Ftags&post=19452"}],"curies":[{"name":"wp","href":"https:\/\/api.w.org\/{rel}","templated":true}]}}