{"id":17086,"date":"2017-06-01T16:28:08","date_gmt":"2017-06-01T15:28:08","guid":{"rendered":"http:\/\/bjfoot.com\/?p=17086"},"modified":"2017-06-01T16:28:08","modified_gmt":"2017-06-01T15:28:08","slug":"ecureuils-tchomogo-je-vais-faire-monter-cinq-a-six-jeunes-chez-les-a","status":"publish","type":"post","link":"https:\/\/bjfoot.com\/?p=17086","title":{"rendered":"Ecureuils : Tchomogo \u00abJe vais faire monter cinq \u00e0 six jeunes chez les A. \u00bb"},"content":{"rendered":"<div class=\"strapline\">\n<h1 class=\"heading strapline__item strapline__item--title\"><\/h1>\n<\/div>\n<p class=\"paragraph paragraph--chapo\"><strong><em>Dans sa chronique hebdomadaire sur le foot africain sur FranceFootball , Frank Simon a consacr\u00e9 son sujet du jour \u00e0 une rencontre avec le s\u00e9lectionneur des Ecureuils Omar Tchomogo hier \u00e0 Abidjan.\u00a0<\/em><\/strong><\/p>\n<div class=\"paragraph\"><strong><em>\u00a0D\u00e9sormais \u00e2g\u00e9 de 39 ans, l&rsquo;ancien capitaine et attaquant du B\u00e9nin, pass\u00e9 par Grenoble, le Portugal, les Emirats et le Qatar, est s\u00e9lectionneur national de son pays depuis mai 2015. Crois\u00e9 lors de son passage en C\u00f4te d&rsquo;Ivoire, il nous a racont\u00e9 son quotidien.<\/em><\/strong><\/div>\n<div class=\"paragraph\"><\/div>\n<p class=\"paragraph paragraph--chapo\">Stade Robert Champroux d&rsquo;Abidjan. Quartier de Marcory, 19h30. Il y a quelques minutes \u00e0 peine, sur ce synth\u00e9tique us\u00e9 qui voit passer la majorit\u00e9 des matches du Championnat, les Ecureuils du B\u00e9nin ont d\u00e9croch\u00e9 un nul plus qu&rsquo;encourageant face \u00e0 la C\u00f4te d&rsquo;Ivoire (1-1), gr\u00e2ce \u00e0 un but de <strong>Nabil Yarou<\/strong>, le joueur de l&rsquo;ASPAC. Les deux formations, engag\u00e9es en \u00e9liminatoires du CHAN, ne pr\u00e9sentaient que des joueurs issus de leurs Championnats respectifs. Sur le banc b\u00e9ninois, une figure connue, l&rsquo;ancien attaquant de Grenoble et de Valence, Oumar Tchomogo. Pendant 90 minutes, il n&rsquo;a pas \u00e9conomis\u00e9 sa voix. Et le B\u00e9nin, comme quelques jours plus t\u00f4t au Ghana (1-1) ou face au Burkina Faso (2-2), a tenu en respect un adversaire qui a d\u00e9\u00e7u.<\/p>\n<div class=\"epigraph epigraph--quote epigraph--right\">S\u00e9lectionneur des Sess\u00e8gnon, Farnolle, Adenon, Mouni\u00e9 et Allagb\u00e8, Tchomogo a accept\u00e9 de coiffer cette double casquette (A + locaux) \u00e0 la demande du pr\u00e9sident de la f\u00e9d\u00e9ration.<\/div>\n<div class=\"paragraph\">\u00ab<em>On pr\u00e9pare \u00e0 la fois les \u00e9liminatoires du CHAN 2018<\/em> (le B\u00e9nin affrontera le Togo) <em>ainsi que les \u00e9liminatoires de la CAN 2019<\/em>, pr\u00e9cise Tchomogo. <em>Ces rencontres me permettent de donner leur chance \u00e0 nos jeunes, d&rsquo;autant qu&rsquo;il n&rsquo;y a pas de Championnat au pays<\/em>\u00bb. Une situation qui a amen\u00e9 certains joueurs \u00e0 s&rsquo;expatrier en l&rsquo;absence de comp\u00e9tition nationale. On pense \u00e0 Giscard Tchato par exemple, qui \u00e9volue depuis l&rsquo;an pass\u00e9 au MFM FC de Lagos (NGA), mais qui n&rsquo;a pas \u00e9t\u00e9 rappel\u00e9 chez les A.<\/p>\n<p>S\u00e9lectionneur des Sess\u00e8gnon, Farnolle, Adenon, Mouni\u00e9 et Allagb\u00e8, Tchomogo a accept\u00e9 de coiffer cette double casquette (A + locaux) \u00e0 la demande du pr\u00e9sident de la f\u00e9d\u00e9ration. Non sans h\u00e9siter. \u00ab<em>J&rsquo;ai r\u00e9fl\u00e9chi et puis j&rsquo;ai pos\u00e9 mes conditions, en particulier des matches de pr\u00e9paration et des regroupements, ce qui a \u00e9t\u00e9 accept\u00e9. Depuis un mois, on est en stage. J&rsquo;essaie de voir un maximum de joueurs, on est parfois 25 ou 28\u00a0!<\/em>\u00bb<\/div>\n<h2 class=\"heading heading--2\">\u00abFaut en vouloir\u00a0!\u00bb<\/h2>\n<div class=\"paragraph\">A peine le temps d&rsquo;avaler un diner apr\u00e8s match, avant de reprendre la (longue) route, en autocar luxueux, celui de la s\u00e9lection, qui va les faire traverser le Ghana puis le Togo. \u00ab<em>Faut en vouloir\u00a0!<\/em>\u00bb sourit Tchomogo, qui d\u00e9bute d\u00e8s dimanche la pr\u00e9paration du match contre la Gambie en \u00e9liminatoires de la <strong>CAN 2019<\/strong>. \u00ab<em>Je vais faire monter cinq \u00e0 six jeunes chez les A. Apr\u00e8s, je reprends les stages avec les locaux<\/em>\u00bb.<\/p>\n<p>Rien en v\u00e9rit\u00e9 ne pr\u00e9destinait Tchomogo, buteur et soliste, \u00e0 une carri\u00e8re de technicien. Et pourtant, il est l&rsquo;un des rares anciens pros africains &#8211; \u00e0 l&rsquo;instar d&rsquo;un Aliou Ciss\u00e9 au S\u00e9n\u00e9gal &#8211; \u00e0 occuper actuellement un poste de s\u00e9lectionneur. Explications. \u00ab<em>Vers la fin de ma carri\u00e8re, Michel Dussuyer m&rsquo;a demand\u00e9 de continuer sur le terrain puis d&rsquo;int\u00e9grer progressivement le staff. J&rsquo;ai \u00e9t\u00e9 son adjoint pendant deux ans. J&rsquo;ai aussi boss\u00e9 en club \u00e0 Valence et \u00e0 Mont\u00e9limar, et je rejoignais la s\u00e9lection ponctuellement. Par la suite, je suis devenu adjoint d&rsquo;un autre s\u00e9lectionneur, Manuel Amoros, en \u00e9quipe nationale. Apr\u00e8s sa d\u00e9mission, j&rsquo;ai \u00e9t\u00e9 \u00ab\u00a0parachut\u00e9\u00a0\u00bb \u00e0 la t\u00eate de l&rsquo;\u00e9quipe en 2015. Je n&rsquo;avais pas le choix\u00a0!<\/em>\u00bb Comme on dit, l&rsquo;appel du pays, \u00e7a ne se refuse pas.<\/div>\n<div class=\"paragraph\"><\/div>\n<div class=\"paragraph\"><strong>Source : Frank Simon pour Francefootball<\/strong><\/div>\n","protected":false},"excerpt":{"rendered":"<p>Dans sa chronique hebdomadaire sur le foot africain sur FranceFootball , Frank Simon a consacr\u00e9 son sujet du jour \u00e0 une rencontre avec le s\u00e9lectionneur des Ecureuils Omar Tchomogo hier \u00e0 Abidjan.\u00a0 \u00a0D\u00e9sormais \u00e2g\u00e9 de 39 ans, l&rsquo;ancien capitaine et attaquant du B\u00e9nin, pass\u00e9 par Grenoble, le Portugal, les Emirats et le Qatar, est s\u00e9lectionneur [&hellip;]<\/p>\n","protected":false},"author":4,"featured_media":15913,"comment_status":"open","ping_status":"open","sticky":true,"template":"","format":"standard","meta":{"footnotes":""},"categories":[5],"tags":[892],"class_list":["post-17086","post","type-post","status-publish","format-standard","has-post-thumbnail","category-ecureuils","tag-omar-tchomogo"],"_links":{"self":[{"href":"https:\/\/bjfoot.com\/index.php?rest_route=\/wp\/v2\/posts\/17086","targetHints":{"allow":["GET"]}}],"collection":[{"href":"https:\/\/bjfoot.com\/index.php?rest_route=\/wp\/v2\/posts"}],"about":[{"href":"https:\/\/bjfoot.com\/index.php?rest_route=\/wp\/v2\/types\/post"}],"author":[{"embeddable":true,"href":"https:\/\/bjfoot.com\/index.php?rest_route=\/wp\/v2\/users\/4"}],"replies":[{"embeddable":true,"href":"https:\/\/bjfoot.com\/index.php?rest_route=%2Fwp%2Fv2%2Fcomments&post=17086"}],"version-history":[{"count":0,"href":"https:\/\/bjfoot.com\/index.php?rest_route=\/wp\/v2\/posts\/17086\/revisions"}],"wp:attachment":[{"href":"https:\/\/bjfoot.com\/index.php?rest_route=%2Fwp%2Fv2%2Fmedia&parent=17086"}],"wp:term":[{"taxonomy":"category","embeddable":true,"href":"https:\/\/bjfoot.com\/index.php?rest_route=%2Fwp%2Fv2%2Fcategories&post=17086"},{"taxonomy":"post_tag","embeddable":true,"href":"https:\/\/bjfoot.com\/index.php?rest_route=%2Fwp%2Fv2%2Ftags&post=17086"}],"curies":[{"name":"wp","href":"https:\/\/api.w.org\/{rel}","templated":true}]}}