{"id":14542,"date":"2016-03-27T12:32:01","date_gmt":"2016-03-27T11:32:01","guid":{"rendered":"http:\/\/bjfoot.com\/?p=14542"},"modified":"2016-03-27T16:36:20","modified_gmt":"2016-03-27T15:36:20","slug":"benin-sud-soudan-pote-en-pointe-djigla-et-dossou-titulaires-gestede-et-gounongbe-remplacants-retour-au-4-3-3-compo-officielle","status":"publish","type":"post","link":"https:\/\/bjfoot.com\/?p=14542","title":{"rendered":"B\u00e9nin-Sud Soudan : Pot\u00e9 en pointe, Djigla et Dossou titulaires, Gestede et Gounongb\u00e9 rempla\u00e7ants, retour au 4-3-3! (compo officielle)"},"content":{"rendered":"<p><img loading=\"lazy\" loading=\"lazy\" decoding=\"async\" class=\"alignleft size-medium wp-image-14554\" src=\"http:\/\/bjfoot.com\/wp-content\/uploads\/2016\/03\/compo-169x300.jpg\" alt=\"compo\" width=\"169\" height=\"300\" \/><img loading=\"lazy\" loading=\"lazy\" decoding=\"async\" class=\"alignleft size-medium wp-image-14552\" src=\"http:\/\/bjfoot.com\/wp-content\/uploads\/2016\/03\/ecu-ssd-300x169.jpg\" alt=\"ecu ssd\" width=\"300\" height=\"169\" \/><\/p>\n<p>La compo officielle des Ecureuils pour cet apr\u00e8s-midi face au Sud Soudan dans le cadre de la 4e journ\u00e9e des qualifications de la Can Gabon 2016 est tomb\u00e9e. Le s\u00e9lectionneur \u00a0Omar Tchomogo a choisi de pr\u00e9server Rudy Gestede et Fr\u00e9d\u00e9ric Gounongb\u00e9 et de titulariser Michael Pot\u00e9 en pointe. Coup d&rsquo;envoi \u00e0 16h et Tweet Live \u00e0 suivre sur notre compte officiel @bjf_officiel.<\/p>\n<p>Premi\u00e8re informations, Omar Tchomogo est revenu \u00e0 son 4-3-3 habituel exit le 4-4-2 du match aller.<br \/>\nDans les buts aucune surprise, Fabien Farnolle assurera son poste. En d\u00e9fense un seul changement, Khaled Ad\u00e9non suspendu, Jordan Ad\u00e9oti sera associ\u00e9 \u00e0 Junior Salomon. Sur les c\u00f4t\u00e9s, David Kiki sera \u00e0 gauche et Nana Badarou \u00e0 droite.<\/p>\n<p>Au milieu le trio, Koukou &#8211; Bello &#8211; S\u00e8ssegnon est reconstitu\u00e9. Le Niortais sera en pointe basse devant la d\u00e9fense, S\u00e8ssegnon et Bello animeront le jeu plus haut.<\/p>\n<p>En attaque, comme pressenti Michael Pot\u00e9 , absent \u00e0 l&rsquo;aller jouera en pointe et sera soutenu sur les c\u00f4t\u00e9s par David Djigla \u00e0 gauche et Jodel Dossou (photo) \u00e0 droite. Ces derniers \u00e9taient rempla\u00e7ants \u00e0 Juba<\/p>\n<p><img loading=\"lazy\" loading=\"lazy\" decoding=\"async\" class=\"alignright size-full wp-image-14544\" src=\"http:\/\/bjfoot.com\/wp-content\/uploads\/2016\/03\/Ecu-ss-dom.jpg\" alt=\"Ecu ss dom\" width=\"316\" height=\"513\" \/><br \/>\nG\u00e9raud Viwami.<\/p>\n<p>&nbsp;<\/p>\n","protected":false},"excerpt":{"rendered":"<p>La compo officielle des Ecureuils pour cet apr\u00e8s-midi face au Sud Soudan dans le cadre de la 4e journ\u00e9e des qualifications de la Can Gabon 2016 est tomb\u00e9e. Le s\u00e9lectionneur \u00a0Omar Tchomogo a choisi de pr\u00e9server Rudy Gestede et Fr\u00e9d\u00e9ric Gounongb\u00e9 et de titulariser Michael Pot\u00e9 en pointe. Coup d&rsquo;envoi \u00e0 16h et Tweet Live [&hellip;]<\/p>\n","protected":false},"author":4,"featured_media":13244,"comment_status":"open","ping_status":"open","sticky":true,"template":"","format":"standard","meta":{"footnotes":""},"categories":[5],"tags":[],"class_list":["post-14542","post","type-post","status-publish","format-standard","has-post-thumbnail","category-ecureuils"],"_links":{"self":[{"href":"https:\/\/bjfoot.com\/index.php?rest_route=\/wp\/v2\/posts\/14542","targetHints":{"allow":["GET"]}}],"collection":[{"href":"https:\/\/bjfoot.com\/index.php?rest_route=\/wp\/v2\/posts"}],"about":[{"href":"https:\/\/bjfoot.com\/index.php?rest_route=\/wp\/v2\/types\/post"}],"author":[{"embeddable":true,"href":"https:\/\/bjfoot.com\/index.php?rest_route=\/wp\/v2\/users\/4"}],"replies":[{"embeddable":true,"href":"https:\/\/bjfoot.com\/index.php?rest_route=%2Fwp%2Fv2%2Fcomments&post=14542"}],"version-history":[{"count":0,"href":"https:\/\/bjfoot.com\/index.php?rest_route=\/wp\/v2\/posts\/14542\/revisions"}],"wp:featuredmedia":[{"embeddable":true,"href":"https:\/\/bjfoot.com\/index.php?rest_route=\/wp\/v2\/media\/13244"}],"wp:attachment":[{"href":"https:\/\/bjfoot.com\/index.php?rest_route=%2Fwp%2Fv2%2Fmedia&parent=14542"}],"wp:term":[{"taxonomy":"category","embeddable":true,"href":"https:\/\/bjfoot.com\/index.php?rest_route=%2Fwp%2Fv2%2Fcategories&post=14542"},{"taxonomy":"post_tag","embeddable":true,"href":"https:\/\/bjfoot.com\/index.php?rest_route=%2Fwp%2Fv2%2Ftags&post=14542"}],"curies":[{"name":"wp","href":"https:\/\/api.w.org\/{rel}","templated":true}]}}