{"id":12712,"date":"2015-06-26T12:52:07","date_gmt":"2015-06-26T11:52:07","guid":{"rendered":"http:\/\/bjfoot.com\/?p=12712"},"modified":"2015-06-26T15:13:31","modified_gmt":"2015-06-26T14:13:31","slug":"transfert-un-an-apres-son-depart-de-clermont-farnolle-na-toujours-pas-trouve-mieux","status":"publish","type":"post","link":"https:\/\/bjfoot.com\/?p=12712","title":{"rendered":"Transfert : un an apr\u00e8s son d\u00e9part de Clermont, Farnolle n\u2019a toujours pas trouv\u00e9 mieux !"},"content":{"rendered":"<p><em><\/p>\n<p>En fin de saison  en juillet 2014, il n\u2019a pas cach\u00e9 son d\u00e9sir de rejoindre un club plus hupp\u00e9 \u00e0 un niveau sup\u00e9rieur que la ligue 2 fran\u00e7aise o\u00f9 il a tout prouv\u00e9 avec Clermont en quatre saisons. Recal\u00e9 par quelques clubs, il a rebondit en Roumanie au Dinamo Bucarest en f\u00e9vrier sans y faire long feu, nous retra\u00e7ons comment Fabien Farnolle (30 ans)  l\u2019un des meilleurs gardiens de la ligue 2 fran\u00e7aise 2013-2014 a pass\u00e9 presque toute sa saison \u00e0  carreau.<\/em><\/p>\n<p>En 110 matches \u00e0 Clermont, il a parfaitement r\u00e9ussi son pari de s\u2019imposer aux yeux du foot fran\u00e7ais. En ligue 2, il \u00e9tait r\u00e9guli\u00e8rement comme l\u2019un des plus r\u00e9gulier au poste de gardien de but. Pourtant libre en juin 2014, Fabien Farnolle n\u2019arrive pas \u00e0 trouver un nouveau club. L\u2019international b\u00e9ninois a d\u00fb s\u2019entrainer pendant six mois avec son club formateur Bordeaux avant de rejoindre le Dinamo Bucarest en f\u00e9vrier.  L\u2019aventure roumaine tourne court et il est \u00e0 nouveau sans club. Une travers\u00e9e du d\u00e9sert compliqu\u00e9e que nous avons essay\u00e9 de d\u00e9crypter pour vous.<\/p>\n<p><strong>Cr\u00e9teil, premier recal\u00e9<\/strong><strong><\/strong><\/p>\n<p>L\u2019un des tout premiers clubs \u00e0 s\u2019int\u00e9resser \u00e0 lui \u00e9tait Cr\u00e9teil  (Ligue 2) l\u2019\u00e9t\u00e9 dernier, Farnolle d\u00e9cline l\u2019offre puisqu\u2019il \u00e9tait en qu\u00eate d\u2019un challenge \u00e0 l\u2019\u00e9chelon sup\u00e9rieur. Ce refus a refroidit d\u2019autres clubs du m\u00eame niveau qui avaient un faible pour lui. Farnolle r\u00eavait de Ligue 1. <\/p>\n<p><strong>Nice l\u2019a \u00e9nerv\u00e9 <\/strong><\/p>\n<p>Ensuite, Nice, club de Ligue 1 fran\u00e7aise,  \u00e0 la recherche d\u2019un gardien apr\u00e8s le d\u00e9part d\u2019Ospina pour Arsenal,  est accroch\u00e9 par son profil. L\u2019int\u00e9r\u00eat \u00e9tait bien r\u00e9el mais il n\u2019\u00e9tait pas seul, le club a \u00e9galement coch\u00e9 le nom du gardien fran\u00e7ais Simon Pouplin, qui \u00e9tait une simple doublure \u00e0 Sochaux la saison pr\u00e9c\u00e9dente. Finalement c\u2019est ce dernier qui s\u2019engagera avec les Aiglons. Farnolle accuse le coup et se l\u00e2che sur Twitter \u00ab On pr\u00e9f\u00e8re quelqu\u2019un qui a \u00e9t\u00e9 nul en Ligue 1 \u00e0 quelques qui a \u00e9t\u00e9 tr\u00e8s bon en ligue 2 \u00bb. Frustr\u00e9.<\/p>\n<p><strong>Blackburn \u00e7a passe pas , \u00e7a coince en Pologne<br \/>\n<\/strong><br \/>\nQuelques jours apr\u00e8s Farnolle traverse la manche et effectue un essai \u00e0 Blackburn Rovers en deuxi\u00e8me division anglaise. L\u2019essai sera non-concluant. Il ne signera pas en Angleterre.<br \/>\nD\u2019autres rumeurs circulent pendant ce temps. On l\u2019annonce en Gr\u00e8ce \u00e0 l\u2019OFI Cr\u00e8te. Farnolle ira m\u00eame n\u00e9gocier avec Korona Kielce club polonais. Les discussions ont \u00e9chou\u00e9 \u00ab On n\u2019a pas r\u00e9ussi \u00e0 s\u2019entendre financi\u00e8rement \u00bb va-t-il confi\u00e9<br \/>\nLe march\u00e9 ferme le 02 septembre 2014, sans club, il revient \u00e0 Bordeaux l\u00e0 o\u00f9 tout a commenc\u00e9 pour lui. Il s\u2019entraine en attendant.<\/p>\n<p><strong>Retour au bercail<\/strong><\/p>\n<p>Sans contrat, Farnolle doit maintenir sa forme physique, il rentre alors \u00e0 Bordeaux o\u00f9 il obtient l\u2019autorisation de s\u2019entrainer avec la r\u00e9serve girondine  en attendant de trouver un employeur. Son club formateur lui offre un soutien psychologique et technique dont il avait grandement besoin. Le g\u00e9ant patientera  jusqu\u2019au march\u00e9 des transferts de janvier 2015.<br \/>\nEntre temps, Farnolle retrouve les cages avec la s\u00e9lection nationale \u00e0 Agadir en Novembre 2014, le B\u00e9nin coule 6-1. M\u00eame si la d\u00e9fense b\u00e9ninoise \u00e9tait \u00e0 la rue ce soir-l\u00e0, le gardien b\u00e9ninois n\u2019a pas vraiment aid\u00e9 quand on se souvient de son match h\u00e9ro\u00efque contre l\u2019Ethiopie en F\u00e9vrier 2012. L\u2019urgence de retrouver de la comp\u00e9tition n\u2019\u00e9tait plus \u00e0 d\u00e9montrer.<\/p>\n<p><strong>Blacklist\u00e9 en France !<\/strong><\/p>\n<p>Au soir du 31 janvier 2015, date officielle de cl\u00f4ture du march\u00e9 d\u2019hiver, il n\u2019avait toujours pas de club. Pourtant il a \u00e9t\u00e9 sollicit\u00e9 notamment en France. L\u2019ancien clermontois ayant revu ses exigences salariales \u00e0 la baisse ne re\u00e7oit pas d\u2019offre concr\u00e8te m\u00eame en Ligue 2. Etonnant. Dans une interview accord\u00e9 \u00e0 Francefootball , sans m\u00e2cher ses mots , il a r\u00e9v\u00e9l\u00e9 pourquoi \u00ab J\u2019ai l\u2019impression d\u2019avoir \u00e9t\u00e9 blacklist\u00e9, et pour de mauvaises raisons. Si j\u2019avais fait des conneries encore, j\u2019aurais compris, mais l\u00e0\u2026 On m\u2019a coll\u00e9 une image compl\u00e8tement erron\u00e9e par rapport \u00e0 mon mode de vie. Un club int\u00e9ress\u00e9 a tr\u00e8s vite dit \u00e0 mon agent que certains anciens dirigeants avaient racont\u00e9 des choses sur moi. Pour mettre les choses au clair, j\u2019ai donc contact\u00e9 ce dirigeant, qui a ni\u00e9. OK\u2026 Mais je n\u2019ai plus eu de nouvelles d\u2019autres clubs int\u00e9ress\u00e9s, dont un qui me suivait depuis le mois de d\u00e9cembre\u2026 Et cette rumeur est revenue cet hiver : mon nom a \u00e9t\u00e9 souffl\u00e9 \u00e0 un club de L2, qui a refus\u00e9 cat\u00e9goriquement ! \u00bb<br \/>\nIl a donc \u00e9t\u00e9 presque contraint \u00e0 l\u2019exil<\/p>\n<p><strong>L\u2019aventure roumaine tourne court, Farnolle toujours sur le march\u00e9<\/strong><\/p>\n<p>Il atterrit curieusement en f\u00e9vrier dernier en Roumanie \u00ab Le club m\u2019a fait savoir qu\u2019il \u00e9tait int\u00e9ress\u00e9, mais qu\u2019il aimerait me voir \u00e0 l\u2019\u0153uvre quelques jours, comme je n\u2019avais pas jou\u00e9 depuis six mois. J\u2019ai donc rejoint le groupe en stage \u00e0 Marbella, particip\u00e9 aux entra\u00eenements et aux matches amicaux, et je suis ensuite parti \u00e0 Bucarest pour signer mon contrat. \u00bb. C\u2019\u00e9tait sa deuxi\u00e8me exp\u00e9rience hors de la France apr\u00e8s le Portugal entre 2005 -2006 au Vitoria S\u00e9tubal. Sa mission principale \u00e9tait de retrouver une place de titulaire indiscutable dans les cages le plus vite possible. Il avait fait ses d\u00e9buts en coupe le 17 f\u00e9vrier contre  Pandurii (d\u00e9faite 2-1). Comme \u00e0 Clermont il arborait avec son num\u00e9ro f\u00e9tiche le 30. Ses concurrents directs \u00e9taient le mac\u00e9donien Kristijan Naumovski, habituel num\u00e9ro 2 et  le roumain titulaire  Alexandru Marc.<br \/>\nOn croyait \u00e0 la relance id\u00e9ale mais il ne reste pas longtemps, il jouera qu\u2019un seul match en terre roumaine. L\u2019ancien clermontois avait sign\u00e9 jusqu\u2019\u00e0 la fin de la saison plus une ann\u00e9e en option. En avril dernier, il quitte le  Dinamo Bucarest avant m\u00eame la fin de la saison. Et depuis Farnolle cherche encore un club !  <\/p>\n<p>Fiche du joueur <\/p>\n<p><strong>Fabien Farnolle<\/strong><br \/>\n30 ans<br \/>\nTaille : 1.96m<br \/>\nPoids : 90 kilos<br \/>\nClub formateur : Bordeaux<br \/>\nClubs pr\u00e9c\u00e9dents : Victoria S\u00e9tubal, Libourne, Clermont Foot, Dinamo Bucarest<br \/>\nClub actuel :<br \/>\nInternational b\u00e9ninois (7 s\u00e9lections) <\/p>\n<p>G\u00e9raud Viwami<\/p>\n","protected":false},"excerpt":{"rendered":"<p>En fin de saison en juillet 2014, il n\u2019a pas cach\u00e9 son d\u00e9sir de rejoindre un club plus hupp\u00e9 \u00e0 un niveau sup\u00e9rieur que la ligue 2 fran\u00e7aise o\u00f9 il a tout prouv\u00e9 avec Clermont en quatre saisons. Recal\u00e9 par quelques clubs, il a rebondit en Roumanie au Dinamo Bucarest en f\u00e9vrier sans y faire [&hellip;]<\/p>\n","protected":false},"author":4,"featured_media":12710,"comment_status":"open","ping_status":"open","sticky":true,"template":"","format":"standard","meta":{"footnotes":""},"categories":[285],"tags":[],"class_list":["post-12712","post","type-post","status-publish","format-standard","has-post-thumbnail","category-transfert"],"_links":{"self":[{"href":"https:\/\/bjfoot.com\/index.php?rest_route=\/wp\/v2\/posts\/12712","targetHints":{"allow":["GET"]}}],"collection":[{"href":"https:\/\/bjfoot.com\/index.php?rest_route=\/wp\/v2\/posts"}],"about":[{"href":"https:\/\/bjfoot.com\/index.php?rest_route=\/wp\/v2\/types\/post"}],"author":[{"embeddable":true,"href":"https:\/\/bjfoot.com\/index.php?rest_route=\/wp\/v2\/users\/4"}],"replies":[{"embeddable":true,"href":"https:\/\/bjfoot.com\/index.php?rest_route=%2Fwp%2Fv2%2Fcomments&post=12712"}],"version-history":[{"count":0,"href":"https:\/\/bjfoot.com\/index.php?rest_route=\/wp\/v2\/posts\/12712\/revisions"}],"wp:featuredmedia":[{"embeddable":true,"href":"https:\/\/bjfoot.com\/index.php?rest_route=\/wp\/v2\/media\/12710"}],"wp:attachment":[{"href":"https:\/\/bjfoot.com\/index.php?rest_route=%2Fwp%2Fv2%2Fmedia&parent=12712"}],"wp:term":[{"taxonomy":"category","embeddable":true,"href":"https:\/\/bjfoot.com\/index.php?rest_route=%2Fwp%2Fv2%2Fcategories&post=12712"},{"taxonomy":"post_tag","embeddable":true,"href":"https:\/\/bjfoot.com\/index.php?rest_route=%2Fwp%2Fv2%2Ftags&post=12712"}],"curies":[{"name":"wp","href":"https:\/\/api.w.org\/{rel}","templated":true}]}}